{"id":16543,"date":"2026-02-05T09:20:33","date_gmt":"2026-02-05T09:20:33","guid":{"rendered":"http:\/\/www.si-hr.eu\/2127\/?p=16543"},"modified":"2026-02-08T09:27:41","modified_gmt":"2026-02-08T09:27:41","slug":"vabljeni-na-cezmejno-konferenco-most-energije-poziv-na-prekogranicnu-konferenciju-most-energije","status":"publish","type":"post","link":"http:\/\/www.si-hr.eu\/2127\/sl\/2026\/02\/05\/vabljeni-na-cezmejno-konferenco-most-energije-poziv-na-prekogranicnu-konferenciju-most-energije\/","title":{"rendered":"Vabljeni na \u010dezmejno konferenco MOST ENERGIJE\/  Poziv na prekograni\u010dnu konferenciju MOST ENERGIJE"},"content":{"rendered":"<p><div class=\"fusion-fullwidth fullwidth-box fusion-builder-row-1 fusion-flex-container nonhundred-percent-fullwidth non-hundred-percent-height-scrolling\" style=\"background-color: #ffffff;background-position: center center;background-repeat: no-repeat;border-width: 0px 0px 0px 0px;border-color:#eae9e9;border-style:solid;\" ><div class=\"fusion-builder-row fusion-row fusion-flex-align-items-flex-start\" style=\"max-width:1248px;margin-left: calc(-4% \/ 2 );margin-right: calc(-4% \/ 2 );\"><div class=\"fusion-layout-column fusion_builder_column fusion-builder-column-0 fusion_builder_column_1_2 1_2 fusion-flex-column\"><div class=\"fusion-column-wrapper fusion-flex-justify-content-flex-start fusion-content-layout-column\" style=\"background-position:left top;background-repeat:no-repeat;-webkit-background-size:cover;-moz-background-size:cover;-o-background-size:cover;background-size:cover;padding: 0px 0px 0px 0px;\"><div class=\"fusion-text fusion-text-1\"><p><strong>ALI LAHKO SODELOVANJE MANJ\u0160IH DESTINACIJ PONUDI ODGOVORE NA VELIKE IZZIVE TRAJNOSTI, ENERGIJE IN TURIZMA?<\/strong><\/p>\n<p>V Vr\u0161ilnici v Zapre\u0161i\u0107u bo v sredo, <strong>18. februarja 2026,<\/strong> potekala \u010dezmejna konferenca <strong>\u00bbMost energije\u00ab<\/strong>, ki odpira eno klju\u010dnih vpra\u0161anj dana\u0161njega \u010dasa: kako lahko destinacije s sodelovanjem, znanjem in inovacijami odgovorijo na podnebne, energetske in dru\u017ebene izzive, ki zadevajo vse nas.<\/p>\n<p>Konferenca zdru\u017euje predstavnike politike, znanosti, stroke in lokalnih skupnosti iz Hrva\u0161ke in Slovenije ter poteka v okviru \u010dezmejnega projekta ENVIRO (Interreg SI-HR), ki je usmerjen v razvoj trajnostnih re\u0161itev na podro\u010dju turizma, energetike in varstva okolja.<\/p>\n<p><strong>V ospredju razprav bodo:<\/strong><br \/>\n\u2022 trajnost v turizmu in vloga manj\u0161ih destinacij,<br \/>\n\u2022 obnovljivi viri energije kot temelj lokalne odpornosti,<br \/>\n\u2022 dostopni turizem in vklju\u010devanje ranljivih skupin,<br \/>\n\u2022 ter pomen \u010dezmejnega sodelovanja pri oblikovanju dolgoro\u010dnih re\u0161itev.<\/p>\n<p>Na konferenci bodo sodelovali predstavniki ve\u010d ministrstev in lokalnih skupnosti ter ugledni strokovnjaki s podro\u010dij energetike, ekologije in turizma, predstavniki znanstvenih institucij, javnega sektorja in organizacij, ki delujejo na podro\u010dju trajnostnega razvoja, med njimi Julije Domac, direktor Regionalne energetske agencije severno zahodne Hrva\u0161ke REGEA, Sebastijan Seme, dekan Fakultete za energetiko Univerze v Mariboru, Dalibor Hati\u0107, direktor OIKON-\u00a0 In\u0161tituta za uporabno ekologijo, Damir Kre\u0161i\u0107, direktor In\u0161tituta za turizem, Sini\u0161a Topalovi\u0107, direktor Horwath Consulting, Sanja Major, direktorica URIHO, Ustanova za profesionalno rehabilitacijo in zaposlovanje oseb z oviranostjo, Rudi Grula, direktor Turisti\u010dne skupnosti Med\u017eimurske \u017eupanije, \u017deljko Turk, \u017eupan Zapre\u0161i\u0107a, Ivan Molan, \u017eupan Bre\u017eic, ter drugi.<\/p>\n<p><strong>Cilj dogodka<\/strong> je izmenjava znanja in izku\u0161enj, prenos znanstvenih in strate\u0161kih spoznanj v prakso ter odprtje dialoga o tem, kako lahko turizem postane orodje dru\u017ebeno odgovornega razvoja, ne le gospodarska dejavnost. Poseben poudarek je namenjen dostopnemu turizmu ter vpra\u0161anju, kako lahko destinacije postanejo bolj odprte in dostopne za vse, pa tudi vlogi obnovljivih virov energije pri razvoju trajnostnih in odpornih skupnosti.<\/p>\n<p><strong>Izjave za medije &#8211;<\/strong> Pred za\u010detkom konference bodo omogo\u010dene izjave za medije organizatorjev in klju\u010dnih govornikov, s poudarkom na trajnostnem razvoju, energetski tranziciji, \u010dezmejnem sodelovanju ter vlogi manj\u0161ih destinacij v evropskih politikah trajnosti.<\/p>\n<\/div><\/div><style type=\"text\/css\">.fusion-body .fusion-builder-column-0{width:50% !important;margin-top : 0px;margin-bottom : 20px;}.fusion-builder-column-0 > .fusion-column-wrapper {padding-top : 0px !important;padding-right : 0px !important;margin-right : 3.84%;padding-bottom : 0px !important;padding-left : 0px !important;margin-left : 3.84%;}@media only screen and (max-width:1024px) {.fusion-body .fusion-builder-column-0{width:50% !important;order : 0;}.fusion-builder-column-0 > .fusion-column-wrapper {margin-right : 3.84%;margin-left : 3.84%;}}@media only screen and (max-width:640px) {.fusion-body .fusion-builder-column-0{width:100% !important;order : 0;}.fusion-builder-column-0 > .fusion-column-wrapper {margin-right : 1.92%;margin-left : 1.92%;}}<\/style><\/div><div class=\"fusion-layout-column fusion_builder_column fusion-builder-column-1 fusion_builder_column_1_2 1_2 fusion-flex-column\"><div class=\"fusion-column-wrapper fusion-flex-justify-content-flex-start fusion-content-layout-column\" style=\"background-position:left top;background-repeat:no-repeat;-webkit-background-size:cover;-moz-background-size:cover;-o-background-size:cover;background-size:cover;padding: 0px 0px 0px 0px;\"><div class=\"fusion-text fusion-text-2\"><p><strong>MO\u017dE LI SURADNJA MALIH DESTINACIJA PONUDITI ODGOVORE NA VELIKE IZAZOVE ODR\u017dIVOSTI, ENERGIJE I TURIZMA?<\/strong><\/p>\n<p>U Vr\u0161ilnici u Zapre\u0161i\u0107u, u srijedu, <strong>18. velja\u010de 2026<\/strong>., odr\u017eat \u0107e se prekograni\u010dna konferencija <strong>\u201eMost energije\u201c<\/strong>, koja otvara jedno od klju\u010dnih pitanja dana\u0161njice: kako destinacije, kroz suradnju, znanje i inovacije, mogu odgovoriti na klimatske, energetske i dru\u0161tvene izazove koji se ti\u010du svih nas.<\/p>\n<p>Konferencija okuplja predstavnike politike, znanosti, struke i lokalne zajednice iz Hrvatske i Slovenije te se odr\u017eava u sklopu projekta ENVIRO, usmjerenog na razvoj odr\u017eivih rje\u0161enja u turizmu, energetici i za\u0161titi okoli\u0161a.<\/p>\n<p><strong>U fokusu rasprava su:<\/strong><br \/>\n\u2022 odr\u017eivost u turizmu i uloga manjih destinacija,<br \/>\n\u2022 obnovljivi izvori energije kao temelj lokalne otpornosti,<br \/>\n\u2022 pristupa\u010dni turizam i uklju\u010divanje ranjivih skupina,<br \/>\n\u2022 te vrijednost prekograni\u010dne suradnje u stvaranju dugoro\u010dnih rje\u0161enja.<\/p>\n<p>Na konferenciji \u0107e sudjelovati predstavnici nekoliko Ministarstava i gradova te istaknuti stru\u010dnjaci iz podru\u010dja energetike, ekologije i turizma, predstavnici znanstvenih institucija, javnog sektora i organizacija koje se bave odr\u017eivim razvojem: Julije Domac, ravnatelj REGEA-e, Sebastijan Seme, dekan Fakulteta za energetiku Sveu\u010dili\u0161ta u Mariboru, Dalibor Hati\u0107, direktor OIKON-a \u2013 Instituta za primijenjenu ekologiju, Damir Kre\u0161i\u0107, ravnatelj Instituta za turizam, Sini\u0161a Topalovi\u0107, direktor Horwath konzultinga, Sanja Major, ravnateljica URIHO-a, Rudi Grula, direktor TZ Me\u0111imurske \u017eupanije, \u017deljko Turk, gradona\u010delnik Zapre\u0161i\u0107a, Ivan Molan, \u017eupan Bre\u017eica, i drugi.<\/p>\n<p><strong>Cilj doga\u0111anja<\/strong> je razmjena znanja i iskustava, prijenos znanstvenih i strate\u0161kih spoznaja u praksu, kao i otvaranje dijaloga o tome kako turizam mo\u017ee postati alat za dru\u0161tveno odgovoran razvoj \u2013 a ne samo gospodarsku aktivnost. Poseban naglasak stavlja se na pristupa\u010dni turizam i pitanje kako destinacije mogu postati otvorenije i dostupnije svima, kao i na ulogu obnovljivih izvora energije u razvoju odr\u017eivih i otpornih zajednica.<\/p>\n<p><strong>Izjave za medije<\/strong> &#8211; Prije po\u010detka konferencije bit \u0107e omogu\u0107ene izjave za medije organizatora i klju\u010dnih govornika, s naglaskom na odr\u017eivi razvoj, energetsku tranziciju, prekograni\u010dnu suradnju i ulogu malih destinacija u europskim politikama odr\u017eivosti.<\/p>\n<\/div><\/div><style type=\"text\/css\">.fusion-body .fusion-builder-column-1{width:50% !important;margin-top : 0px;margin-bottom : 20px;}.fusion-builder-column-1 > .fusion-column-wrapper {padding-top : 0px !important;padding-right : 0px !important;margin-right : 3.84%;padding-bottom : 0px !important;padding-left : 0px !important;margin-left : 3.84%;}@media only screen and (max-width:1024px) {.fusion-body .fusion-builder-column-1{width:50% !important;order : 0;}.fusion-builder-column-1 > .fusion-column-wrapper {margin-right : 3.84%;margin-left : 3.84%;}}@media only screen and (max-width:640px) {.fusion-body .fusion-builder-column-1{width:100% !important;order : 0;}.fusion-builder-column-1 > .fusion-column-wrapper {margin-right : 1.92%;margin-left : 1.92%;}}<\/style><\/div><\/div><style type=\"text\/css\">.fusion-body .fusion-flex-container.fusion-builder-row-1{ padding-top : 0px;margin-top : 0px;padding-right : 0px;padding-bottom : 0px;margin-bottom : 0px;padding-left : 0px;}<\/style><\/div><div class=\"fusion-fullwidth fullwidth-box fusion-builder-row-2 fusion-flex-container nonhundred-percent-fullwidth non-hundred-percent-height-scrolling\" style=\"background-color: #ffffff;background-position: center center;background-repeat: no-repeat;border-width: 0px 0px 0px 0px;border-color:#eae9e9;border-style:solid;\" ><div class=\"fusion-builder-row fusion-row fusion-flex-align-items-flex-start\" style=\"max-width:1248px;margin-left: calc(-4% \/ 2 );margin-right: calc(-4% \/ 2 );\"><div class=\"fusion-layout-column fusion_builder_column fusion-builder-column-2 fusion_builder_column_1_1 1_1 fusion-flex-column\"><div class=\"fusion-column-wrapper fusion-flex-justify-content-flex-start fusion-content-layout-column\" style=\"background-position:left top;background-repeat:no-repeat;-webkit-background-size:cover;-moz-background-size:cover;-o-background-size:cover;background-size:cover;padding: 0px 0px 0px 0px;\"><div class=\"fusion-text fusion-text-3\" style=\"color:#417767;\"><p><strong>PROGRAM KONFERENCE \/ PROGRAM KONFERENCIJE: <a href=\"http:\/\/www.si-hr.eu\/2127\/wp-content\/uploads\/sites\/103\/2026\/02\/Konferenca-Most-energije-18-2-2026-1.pdf\">Konferenca Most energije 18-2-2026-1<\/a><\/strong><\/p>\n<p><strong>Pridru\u017eite se nam in se \u0161e danes prijavite na konferenco \/ \u00a0Pridru\u017eite nam se i prijavite svoje sudjelovanje na konferenciji ve\u0107 danas:\u00a0<span class=\"html-span xdj266r x14z9mp xat24cr x1lziwak xexx8yu xyri2b x18d9i69 x1c1uobl x1hl2dhg x16tdsg8 x1vvkbs\"><a class=\"x1i10hfl xjbqb8w x1ejq31n x18oe1m7 x1sy0etr xstzfhl x972fbf x10w94by x1qhh985 x14e42zd x9f619 x1ypdohk xt0psk2 x3ct3a4 xdj266r x14z9mp xat24cr x1lziwak xexx8yu xyri2b x18d9i69 x1c1uobl x16tdsg8 x1hl2dhg xggy1nq x1a2a7pz xkrqix3 x1sur9pj x1fey0fg x1s688f\" role=\"link\" href=\"https:\/\/docs.google.com\/forms\/d\/e\/1FAIpQLSeU_rwIPv4nuloEcD_bT6Jue-PAYfQq0S8a0uWg201nfjfltA\/viewform?fbclid=IwZXh0bgNhZW0CMTAAYnJpZBEweFk0cVJkejNvajQ3QkJhNXNydGMGYXBwX2lkEDIyMjAzOTE3ODgyMDA4OTIAAR69Dbz6fUI0vIgDJGBD9J9qySOAivqJhvbbCnb7Vl6axXopYKJzh8GxYstZ0A_aem_P96aHeon4MNn_acWgR94zg\" target=\"_blank\" rel=\"nofollow noopener noreferrer\">https:\/\/docs.google.com\/&#8230;\/1FAIpQLSeU&#8230;\/viewform<\/a><\/span><\/strong><\/p>\n<\/div><\/div><style type=\"text\/css\">.fusion-body .fusion-builder-column-2{width:100% !important;margin-top : 0px;margin-bottom : 20px;}.fusion-builder-column-2 > .fusion-column-wrapper {padding-top : 0px !important;padding-right : 0px !important;margin-right : 1.92%;padding-bottom : 0px !important;padding-left : 0px !important;margin-left : 1.92%;}@media only screen and (max-width:1024px) {.fusion-body .fusion-builder-column-2{width:100% !important;order : 0;}.fusion-builder-column-2 > .fusion-column-wrapper {margin-right : 1.92%;margin-left : 1.92%;}}@media only screen and (max-width:640px) {.fusion-body .fusion-builder-column-2{width:100% !important;order : 0;}.fusion-builder-column-2 > .fusion-column-wrapper {margin-right : 1.92%;margin-left : 1.92%;}}<\/style><\/div><\/div><style type=\"text\/css\">.fusion-body .fusion-flex-container.fusion-builder-row-2{ padding-top : 0px;margin-top : 0px;padding-right : 0px;padding-bottom : 0px;margin-bottom : 0px;padding-left : 0px;}<\/style><\/div><\/p>\n","protected":false},"excerpt":{"rendered":"","protected":false},"author":36,"featured_media":16544,"comment_status":"open","ping_status":"open","sticky":false,"template":"","format":"standard","meta":{"ngg_post_thumbnail":0},"categories":[87],"tags":[],"acf":[],"_links":{"self":[{"href":"http:\/\/www.si-hr.eu\/2127\/sl\/wp-json\/wp\/v2\/posts\/16543"}],"collection":[{"href":"http:\/\/www.si-hr.eu\/2127\/sl\/wp-json\/wp\/v2\/posts"}],"about":[{"href":"http:\/\/www.si-hr.eu\/2127\/sl\/wp-json\/wp\/v2\/types\/post"}],"author":[{"embeddable":true,"href":"http:\/\/www.si-hr.eu\/2127\/sl\/wp-json\/wp\/v2\/users\/36"}],"replies":[{"embeddable":true,"href":"http:\/\/www.si-hr.eu\/2127\/sl\/wp-json\/wp\/v2\/comments?post=16543"}],"version-history":[{"count":6,"href":"http:\/\/www.si-hr.eu\/2127\/sl\/wp-json\/wp\/v2\/posts\/16543\/revisions"}],"predecessor-version":[{"id":16555,"href":"http:\/\/www.si-hr.eu\/2127\/sl\/wp-json\/wp\/v2\/posts\/16543\/revisions\/16555"}],"wp:featuredmedia":[{"embeddable":true,"href":"http:\/\/www.si-hr.eu\/2127\/sl\/wp-json\/wp\/v2\/media\/16544"}],"wp:attachment":[{"href":"http:\/\/www.si-hr.eu\/2127\/sl\/wp-json\/wp\/v2\/media?parent=16543"}],"wp:term":[{"taxonomy":"category","embeddable":true,"href":"http:\/\/www.si-hr.eu\/2127\/sl\/wp-json\/wp\/v2\/categories?post=16543"},{"taxonomy":"post_tag","embeddable":true,"href":"http:\/\/www.si-hr.eu\/2127\/sl\/wp-json\/wp\/v2\/tags?post=16543"}],"curies":[{"name":"wp","href":"https:\/\/api.w.org\/{rel}","templated":true}]}}