{"id":18558,"date":"2026-04-28T12:26:48","date_gmt":"2026-04-28T12:26:48","guid":{"rendered":"http:\/\/www.si-hr.eu\/2127\/?p=18558"},"modified":"2026-04-28T12:51:10","modified_gmt":"2026-04-28T12:51:10","slug":"testiranje-dostopnega-turisticnega-produkta-enviro-v-brezicah-in-zapresicu-testiranje-pristupacnog-turistickog-proizvoda-enviro-u-brezicama-i-zapresicu","status":"publish","type":"post","link":"http:\/\/www.si-hr.eu\/2127\/sl\/2026\/04\/28\/testiranje-dostopnega-turisticnega-produkta-enviro-v-brezicah-in-zapresicu-testiranje-pristupacnog-turistickog-proizvoda-enviro-u-brezicama-i-zapresicu\/","title":{"rendered":"Testiranje dostopnega turisti\u010dnega produkta ENVIRO v Bre\u017eicah in Zapre\u0161i\u0107u\/Testiranje pristupa\u010dnog turisti\u010dkog proizvoda ENVIRO u Bre\u017eicama i Zapre\u0161i\u0107u"},"content":{"rendered":"<p>V okviru \u010dezmejnega projekta ENVIRO \u2013 Do\u017eivljanje trajnostnega turizma za spodbujanje sprememb bo 12. in 13. maja 2026 potekalo testiranje prvega dostopnega turisti\u010dnega produkta v regiji, ki povezuje Bre\u017eice in Zapre\u0161i\u0107 ter zdru\u017euje kulturno, naravno in trajnostno ponudbo v edinstveno \u010dezmejno izku\u0161njo.<\/p>\n<p><strong>Cilj dogodka<\/strong> je preveriti dostopnost turisti\u010dnih vsebin, storitev in infrastrukture ter z vklju\u010devanjem uporabnikov pridobiti povratne informacije za nadaljnji razvoj produkta, ki bo prilagojen razli\u010dnim potrebam.<\/p>\n<p>Dvodnevni program vklju\u010duje preverjanje dostopnosti turisti\u010dnih vsebin, vodenih do\u017eivetij in storitev. Udele\u017eenci bodo v Bre\u017eicah spoznali kulturno dedi\u0161\u010dino, digitalne predstavitve gradov Posavja, u\u017eivali v lokalni kulinariki ter se sprostili v Termah \u010cate\u017e, drugi dan pa se bo program nadaljeval v Zapre\u0161i\u0107u z vodenim do\u017eivetjem Novih dvorov, aktivnostmi na prostem in spoznavanjem lokalnega okolja.<\/p>\n<p>Poseben poudarek testiranja je na dostopnosti, saj bodo vse aktivnosti in prevozi prilagojeni tudi osebam z oviranostmi. S tem partnerji projekta ENVIRO razvijajo vklju\u010dujo\u010d in trajnosten turisti\u010dni produkt, ki bo dostopen vsem ter bo predstavljal primer dobre prakse na \u010dezmejnem obmo\u010dju.<\/p>\n<p><strong>PROGRAM KONFERENCE \/ PROGRAM KONFERENCIJE: <a href=\"http:\/\/www.si-hr.eu\/2127\/wp-content\/uploads\/sites\/103\/2026\/04\/2.-Vabilo-k-testiranju-dostopnega-tur.-produkta5.pdf\">2. Vabilo k testiranju dostopnega tur. produkta<\/a><\/strong><\/p>\n<p><strong>Pridru\u017eite se nam in se \u0161e danes prijavite na konferenco <a href=\"https:\/\/envirotestiranje.my.canva.site\/\">PRIJAVA<\/a><\/strong><\/p>\n<p>________________________________<\/p>\n<p>U okviru prekograni\u010dnog projekta ENVIRO \u2013 Do\u017eivljavanje odr\u017eivog turizma za poticanje promjena 12. i 13. svibnja 2026 odr\u017eat \u0107e se testiranje prvog pristupa\u010dnog turisti\u010dkog proizvoda u regiji, koji povezuje Bre\u017eice i Zapre\u0161i\u0107 te objedinjuje kulturnu, prirodnu i odr\u017eivu ponudu u jedinstveno prekograni\u010dno iskustvo.<\/p>\n<p><strong>Cilj doga\u0111aja<\/strong> je provjeriti pristupa\u010dnost turisti\u010dkih sadr\u017eaja, usluga i infrastrukture te kroz sudjelovanje korisnika prikupiti povratne informacije za daljnji razvoj proizvoda prilago\u0111enog razli\u010ditim potrebama.<\/p>\n<p>Dvodnevni program uklju\u010duje provjeru pristupa\u010dnosti turisti\u010dkih sadr\u017eaja, vo\u0111enih tura i usluga. Sudionici \u0107e u Bre\u017eicama upoznati kulturnu ba\u0161tinu, digitalne prezentacije dvoraca Posavine, u\u017eivati u lokalnoj gastronomiji te se opustiti u Termama \u010cate\u017e, dok \u0107e se drugi dan program nastaviti u Zapre\u0161i\u0107u kroz vo\u0111eni obilazak Novih dvora, aktivnosti na otvorenom i upoznavanje lokalne zajednice.<\/p>\n<p>Poseban naglasak stavljen je na pristupa\u010dnost, uz organizirani prilago\u0111eni prijevoz za osobe s invaliditetom. Na taj na\u010din partneri projekta ENVIRO razvijaju uklju\u010div i odr\u017eiv turisti\u010dki proizvod dostupan svima, koji \u0107e predstavljati primjer dobre prakse u prekograni\u010dnom podru\u010dju.<\/p>\n<p><strong>PROGRAM KONFERENCIJE:<\/strong> <strong><a href=\"http:\/\/www.si-hr.eu\/2127\/wp-content\/uploads\/sites\/103\/2026\/04\/2.-Vabilo-k-testiranju-dostopnega-tur.-produkta5.pdf\">2. Vabilo k testiranju dostopnega tur. produkta<\/a><\/strong><\/p>\n<p><strong>Pridru\u017eite nam se i prijavite svoje sudjelovanje na konferenciji ve\u0107 danas: <\/strong><a href=\"https:\/\/envirotestiranje.my.canva.site\/\"><strong>PRIJAVA<\/strong><\/a><\/p>\n","protected":false},"excerpt":{"rendered":"<p>V okviru \u010dezmejnega projekta ENVIRO \u2013 Do\u017eivljanje trajnostnega turizma za [&hellip;]<\/p>\n","protected":false},"author":36,"featured_media":18562,"comment_status":"open","ping_status":"open","sticky":false,"template":"","format":"standard","meta":{"ngg_post_thumbnail":0},"categories":[87],"tags":[],"acf":[],"_links":{"self":[{"href":"http:\/\/www.si-hr.eu\/2127\/sl\/wp-json\/wp\/v2\/posts\/18558"}],"collection":[{"href":"http:\/\/www.si-hr.eu\/2127\/sl\/wp-json\/wp\/v2\/posts"}],"about":[{"href":"http:\/\/www.si-hr.eu\/2127\/sl\/wp-json\/wp\/v2\/types\/post"}],"author":[{"embeddable":true,"href":"http:\/\/www.si-hr.eu\/2127\/sl\/wp-json\/wp\/v2\/users\/36"}],"replies":[{"embeddable":true,"href":"http:\/\/www.si-hr.eu\/2127\/sl\/wp-json\/wp\/v2\/comments?post=18558"}],"version-history":[{"count":3,"href":"http:\/\/www.si-hr.eu\/2127\/sl\/wp-json\/wp\/v2\/posts\/18558\/revisions"}],"predecessor-version":[{"id":18567,"href":"http:\/\/www.si-hr.eu\/2127\/sl\/wp-json\/wp\/v2\/posts\/18558\/revisions\/18567"}],"wp:featuredmedia":[{"embeddable":true,"href":"http:\/\/www.si-hr.eu\/2127\/sl\/wp-json\/wp\/v2\/media\/18562"}],"wp:attachment":[{"href":"http:\/\/www.si-hr.eu\/2127\/sl\/wp-json\/wp\/v2\/media?parent=18558"}],"wp:term":[{"taxonomy":"category","embeddable":true,"href":"http:\/\/www.si-hr.eu\/2127\/sl\/wp-json\/wp\/v2\/categories?post=18558"},{"taxonomy":"post_tag","embeddable":true,"href":"http:\/\/www.si-hr.eu\/2127\/sl\/wp-json\/wp\/v2\/tags?post=18558"}],"curies":[{"name":"wp","href":"https:\/\/api.w.org\/{rel}","templated":true}]}}