{"id":23228,"date":"2026-08-21T11:53:01","date_gmt":"2026-08-21T11:53:01","guid":{"rendered":"http:\/\/www.si-hr.eu\/2127\/?p=23228"},"modified":"2026-09-03T12:04:45","modified_gmt":"2026-09-03T12:04:45","slug":"cro-si-safe-2-izmenjava-dobrih-praks-na-strokovni-ekskurziji-v-karavanke-razmjena-dobrih-praksi-na-strucnoj-ekskurziji-u-karavanke","status":"publish","type":"post","link":"http:\/\/www.si-hr.eu\/2127\/sl\/2026\/08\/21\/cro-si-safe-2-izmenjava-dobrih-praks-na-strokovni-ekskurziji-v-karavanke-razmjena-dobrih-praksi-na-strucnoj-ekskurziji-u-karavanke\/","title":{"rendered":"CRO-SI-SAFE 2: izmenjava dobrih praks na strokovni ekskurziji v Karavanke \/ razmjena dobrih praksi na stru\u010dnoj ekskurziji u Karavanke"},"content":{"rendered":"<p><div class=\"fusion-fullwidth fullwidth-box fusion-builder-row-1 fusion-flex-container nonhundred-percent-fullwidth non-hundred-percent-height-scrolling\" style=\"background-color: #ffffff;background-position: center center;background-repeat: no-repeat;border-width: 0px 0px 0px 0px;border-color:#eae9e9;border-style:solid;\" ><div class=\"fusion-builder-row fusion-row fusion-flex-align-items-flex-start\" style=\"max-width:1248px;margin-left: calc(-4% \/ 2 );margin-right: calc(-4% \/ 2 );\"><div class=\"fusion-layout-column fusion_builder_column fusion-builder-column-0 fusion_builder_column_1_2 1_2 fusion-flex-column\"><div class=\"fusion-column-wrapper fusion-flex-justify-content-flex-start fusion-content-layout-column\" style=\"background-position:left top;background-repeat:no-repeat;-webkit-background-size:cover;-moz-background-size:cover;-o-background-size:cover;background-size:cover;padding: 0px 0px 0px 0px;\"><div class=\"fusion-text fusion-text-1\"><p class=\"isSelectedEnd\" style=\"text-align: left\">V okviru projekta <strong>CRO-SI-SAFE 2<\/strong> je bila 19. in 20. avgusta 2026 izvedena strokovna ekskurzija na obmo\u010dje Karavank in Avstrije, namenjena <strong>izmenjavi dobrih praks na podro\u010dju pripravljenosti, za\u0161\u010dite, re\u0161evanja ter odzivanja ob nesre\u010dah in drugih izrednih dogodkih<\/strong>.<\/p>\n<p class=\"isSelectedEnd\" style=\"text-align: left\">Strokovno ekskurzijo je organizirala <strong>Razvojna agencija Sotla v sodelovanju z ostalimi projektnimi partnerji<\/strong>, udele\u017eili pa so se je predstavniki partnerjev iz Slovenije in Hrva\u0161ke ter predstavniki slu\u017eb, ki sodelujejo v sistemu za\u0161\u010dite, re\u0161evanja in pomo\u010di.<\/p>\n<p class=\"isSelectedEnd\" style=\"text-align: left\">V dveh dneh so udele\u017eenci skozi obiske, predstavitve in pogovore z lokalnimi strokovnjaki spoznavali na\u010dine organizacije re\u0161evalnih slu\u017eb, sodelovanja razli\u010dnih dele\u017enikov ter konkretne re\u0161itve za prepre\u010devanje in obvladovanje nesre\u010d na zahtevnem gorskem in \u010dezmejnem obmo\u010dju. Poseben poudarek je bil namenjen prakti\u010dnim izku\u0161njam, organizaciji odziva na terenu ter povezovanju razli\u010dnih slu\u017eb, ki morajo ob nesre\u010dah delovati hitro in usklajeno.<\/p>\n<p class=\"isSelectedEnd\" style=\"text-align: left\">Tak\u0161ne izmenjave so za projekt CRO-SI-SAFE 2 pomembne predvsem zato, ker omogo\u010dajo prenos preverjenih re\u0161itev v doma\u010de okolje ter odpirajo prostor za razmislek o nadaljnjem izbolj\u0161evanju protokolov, usposabljanj in sodelovanja med pristojnimi slu\u017ebami na obeh straneh meje.<\/p>\n<p class=\"isSelectedEnd\" style=\"text-align: left\">Projekt <strong>CRO-SI-SAFE 2<\/strong>, ki se je za\u010del marca 2026, je usmerjen v krepitev \u010dezmejne pripravljenosti na naravne nesre\u010de in druge izredne dogodke ter v izbolj\u0161anje sodelovanja med slu\u017ebami in institucijami na slovensko-hrva\u0161kem obmejnem obmo\u010dju. Med na\u010drtovanimi aktivnostmi so med drugim priprava in nadgradnja skupnih postopkov in protokolov, usposabljanja in vaje, vzpostavljanje SAFEPOINTS ter izmenjava znanja in dobrih praks.<\/p>\n<p class=\"isSelectedEnd\" style=\"text-align: left\">V projektu sodelujejo <strong>Zagorska razvojna agencija<\/strong> kot vodilni partner, <strong>Krapinsko-zagorska \u017eupanija, Razvojna agencija Sotla in Ob\u010dina \u0160marje pri Jel\u0161ah<\/strong>.<\/p>\n<p class=\"isSelectedEnd\" style=\"text-align: left\">Projekt se izvaja v okviru <strong>Interreg Programa Slovenija\u2013Hrva\u0161ka 2021\u20132027<\/strong> in je sofinanciran iz <strong>Evropskega sklada za regionalni razvoj<\/strong>.<\/p>\n<p style=\"text-align: left\">Fotografija: Urosh Grabner<\/p>\n<\/div><\/div><style type=\"text\/css\">.fusion-body .fusion-builder-column-0{width:50% !important;margin-top : 0px;margin-bottom : 20px;}.fusion-builder-column-0 > .fusion-column-wrapper {padding-top : 0px !important;padding-right : 0px !important;margin-right : 3.84%;padding-bottom : 0px !important;padding-left : 0px !important;margin-left : 3.84%;}@media only screen and (max-width:1024px) {.fusion-body .fusion-builder-column-0{width:50% !important;order : 0;}.fusion-builder-column-0 > .fusion-column-wrapper {margin-right : 3.84%;margin-left : 3.84%;}}@media only screen and (max-width:640px) {.fusion-body .fusion-builder-column-0{width:100% !important;order : 0;}.fusion-builder-column-0 > .fusion-column-wrapper {margin-right : 1.92%;margin-left : 1.92%;}}<\/style><\/div><div class=\"fusion-layout-column fusion_builder_column fusion-builder-column-1 fusion_builder_column_1_2 1_2 fusion-flex-column\"><div class=\"fusion-column-wrapper fusion-flex-justify-content-flex-start fusion-content-layout-column\" style=\"background-position:left top;background-repeat:no-repeat;-webkit-background-size:cover;-moz-background-size:cover;-o-background-size:cover;background-size:cover;padding: 0px 0px 0px 0px;\"><div class=\"fusion-text fusion-text-2\"><p class=\"isSelectedEnd\" style=\"text-align: left\">U okviru projekta <strong>CRO-SI-SAFE 2<\/strong> 19. i 20. kolovoza 2026. odr\u017eana je stru\u010dna ekskurzija na podru\u010dje Karavanki i Austrije, namijenjena <strong>razmjeni dobrih praksi u podru\u010dju pripravnosti, za\u0161tite, spa\u0161avanja te odgovora na nesre\u0107e i druge izvanredne doga\u0111aje<\/strong>.<\/p>\n<p class=\"isSelectedEnd\" style=\"text-align: left\">Stru\u010dnu ekskurziju organizirala je <strong>Razvojna agencija Sotla u suradnji s ostalim projektnim partnerima<\/strong>, a sudjelovali su predstavnici partnera iz Slovenije i Hrvatske te predstavnici slu\u017ebi uklju\u010denih u sustav za\u0161tite, spa\u0161avanja i pru\u017eanja pomo\u0107i.<\/p>\n<p class=\"isSelectedEnd\" style=\"text-align: left\">Tijekom dva dana sudionici su kroz stru\u010dne posjete, prezentacije i razgovore s lokalnim stru\u010dnjacima upoznali na\u010dine organizacije spasila\u010dkih slu\u017ebi, suradnje razli\u010ditih dionika te konkretna rje\u0161enja za prevenciju i upravljanje nesre\u0107ama na zahtjevnom planinskom i prekograni\u010dnom podru\u010dju. Poseban naglasak bio je na prakti\u010dnim iskustvima, organizaciji odgovora na terenu te povezivanju razli\u010ditih slu\u017ebi koje u slu\u010daju nesre\u0107e moraju djelovati brzo i uskla\u0111eno.<\/p>\n<p class=\"isSelectedEnd\" style=\"text-align: left\">Ovakve razmjene posebno su va\u017ene za projekt CRO-SI-SAFE 2 jer omogu\u0107uju prijenos provjerenih rje\u0161enja i dobrih praksi u lokalno okru\u017eenje te otvaraju prostor za daljnje unaprje\u0111enje protokola, osposobljavanja i suradnje nadle\u017enih slu\u017ebi s obje strane granice.<\/p>\n<p class=\"isSelectedEnd\" style=\"text-align: left\">Projekt <strong>CRO-SI-SAFE 2<\/strong>, koji je zapo\u010deo u o\u017eujku 2026., usmjeren je na ja\u010danje prekograni\u010dne pripravnosti na prirodne nesre\u0107e i druge izvanredne doga\u0111aje te na pobolj\u0161anje suradnje izme\u0111u slu\u017ebi i institucija na slovensko-hrvatskom pograni\u010dnom podru\u010dju. Me\u0111u planiranim aktivnostima su, izme\u0111u ostalog, priprema i unaprje\u0111enje zajedni\u010dkih postupaka i protokola, osposobljavanja i vje\u017ebe, uspostava SAFEPOINTS lokacija te razmjena znanja i dobrih praksi.<\/p>\n<p class=\"isSelectedEnd\" style=\"text-align: left\">U projektu sudjeluju <strong>Zagorska razvojna agencija<\/strong> kao vode\u0107i partner, <strong>Krapinsko-zagorska \u017eupanija, Razvojna agencija Sotla i Op\u0107ina \u0160marje pri Jel\u0161ah<\/strong>.<\/p>\n<p style=\"text-align: left\">Projekt se provodi u okviru <strong>Interreg programa Slovenija \u2013 Hrvatska 2021.\u20132027.<\/strong> i sufinanciran je sredstvima <strong>Europskog fonda za regionalni razvoj<\/strong>.<\/p>\n<\/div><\/div><style type=\"text\/css\">.fusion-body .fusion-builder-column-1{width:50% !important;margin-top : 0px;margin-bottom : 20px;}.fusion-builder-column-1 > .fusion-column-wrapper {padding-top : 0px !important;padding-right : 0px !important;margin-right : 3.84%;padding-bottom : 0px !important;padding-left : 0px !important;margin-left : 3.84%;}@media only screen and (max-width:1024px) {.fusion-body .fusion-builder-column-1{width:50% !important;order : 0;}.fusion-builder-column-1 > .fusion-column-wrapper {margin-right : 3.84%;margin-left : 3.84%;}}@media only screen and (max-width:640px) {.fusion-body .fusion-builder-column-1{width:100% !important;order : 0;}.fusion-builder-column-1 > .fusion-column-wrapper {margin-right : 1.92%;margin-left : 1.92%;}}<\/style><\/div><\/div><style type=\"text\/css\">.fusion-body .fusion-flex-container.fusion-builder-row-1{ padding-top : 0px;margin-top : 0px;padding-right : 0px;padding-bottom : 0px;margin-bottom : 0px;padding-left : 0px;}<\/style><\/div><div class=\"fusion-fullwidth fullwidth-box fusion-builder-row-2 fusion-flex-container nonhundred-percent-fullwidth non-hundred-percent-height-scrolling\" style=\"background-color: #ffffff;background-position: center center;background-repeat: no-repeat;border-width: 0px 0px 0px 0px;border-color:#eae9e9;border-style:solid;\" ><div class=\"fusion-builder-row fusion-row fusion-flex-align-items-flex-start\" style=\"max-width:1248px;margin-left: calc(-4% \/ 2 );margin-right: calc(-4% \/ 2 );\"><div class=\"fusion-layout-column fusion_builder_column fusion-builder-column-2 fusion_builder_column_1_1 1_1 fusion-flex-column\"><div class=\"fusion-column-wrapper fusion-flex-justify-content-flex-start fusion-content-layout-column\" style=\"background-position:left top;background-repeat:no-repeat;-webkit-background-size:cover;-moz-background-size:cover;-o-background-size:cover;background-size:cover;padding: 0px 0px 0px 0px;\"><div ><span class=\" fusion-imageframe imageframe-none imageframe-1 hover-type-none\"><img decoding=\"async\" width=\"300\" height=\"200\" title=\"Strokovna ekskurzija v Karavanke_Photo_Urosh Grabner\" src=\"http:\/\/www.si-hr.eu\/2127\/wp-content\/uploads\/sites\/103\/2026\/09\/Strokovna-ekskurzija-v-Karavanke_Photo_Urosh-Grabner-300x200.jpg\" class=\"img-responsive wp-image-23232\" srcset=\"http:\/\/www.si-hr.eu\/2127\/wp-content\/uploads\/sites\/103\/2026\/09\/Strokovna-ekskurzija-v-Karavanke_Photo_Urosh-Grabner-200x133.jpg 200w, http:\/\/www.si-hr.eu\/2127\/wp-content\/uploads\/sites\/103\/2026\/09\/Strokovna-ekskurzija-v-Karavanke_Photo_Urosh-Grabner-400x267.jpg 400w, http:\/\/www.si-hr.eu\/2127\/wp-content\/uploads\/sites\/103\/2026\/09\/Strokovna-ekskurzija-v-Karavanke_Photo_Urosh-Grabner-600x400.jpg 600w, http:\/\/www.si-hr.eu\/2127\/wp-content\/uploads\/sites\/103\/2026\/09\/Strokovna-ekskurzija-v-Karavanke_Photo_Urosh-Grabner-800x533.jpg 800w, http:\/\/www.si-hr.eu\/2127\/wp-content\/uploads\/sites\/103\/2026\/09\/Strokovna-ekskurzija-v-Karavanke_Photo_Urosh-Grabner-1200x800.jpg 1200w\" sizes=\"(max-width: 640px) 100vw, 1200px\" \/><\/span><\/div><\/div><style type=\"text\/css\">.fusion-body .fusion-builder-column-2{width:100% !important;margin-top : 0px;margin-bottom : 20px;}.fusion-builder-column-2 > .fusion-column-wrapper {padding-top : 0px !important;padding-right : 0px !important;margin-right : 1.92%;padding-bottom : 0px !important;padding-left : 0px !important;margin-left : 1.92%;}@media only screen and (max-width:1024px) {.fusion-body .fusion-builder-column-2{width:100% !important;order : 0;}.fusion-builder-column-2 > .fusion-column-wrapper {margin-right : 1.92%;margin-left : 1.92%;}}@media only screen and (max-width:640px) {.fusion-body .fusion-builder-column-2{width:100% !important;order : 0;}.fusion-builder-column-2 > .fusion-column-wrapper {margin-right : 1.92%;margin-left : 1.92%;}}<\/style><\/div><\/div><style type=\"text\/css\">.fusion-body .fusion-flex-container.fusion-builder-row-2{ padding-top : 0px;margin-top : 0px;padding-right : 0px;padding-bottom : 0px;margin-bottom : 0px;padding-left : 0px;}<\/style><\/div><\/p>\n","protected":false},"excerpt":{"rendered":"","protected":false},"author":47,"featured_media":23230,"comment_status":"open","ping_status":"open","sticky":false,"template":"","format":"standard","meta":{"ngg_post_thumbnail":0},"categories":[129],"tags":[193],"acf":[],"_links":{"self":[{"href":"http:\/\/www.si-hr.eu\/2127\/sl\/wp-json\/wp\/v2\/posts\/23228"}],"collection":[{"href":"http:\/\/www.si-hr.eu\/2127\/sl\/wp-json\/wp\/v2\/posts"}],"about":[{"href":"http:\/\/www.si-hr.eu\/2127\/sl\/wp-json\/wp\/v2\/types\/post"}],"author":[{"embeddable":true,"href":"http:\/\/www.si-hr.eu\/2127\/sl\/wp-json\/wp\/v2\/users\/47"}],"replies":[{"embeddable":true,"href":"http:\/\/www.si-hr.eu\/2127\/sl\/wp-json\/wp\/v2\/comments?post=23228"}],"version-history":[{"count":1,"href":"http:\/\/www.si-hr.eu\/2127\/sl\/wp-json\/wp\/v2\/posts\/23228\/revisions"}],"predecessor-version":[{"id":23233,"href":"http:\/\/www.si-hr.eu\/2127\/sl\/wp-json\/wp\/v2\/posts\/23228\/revisions\/23233"}],"wp:featuredmedia":[{"embeddable":true,"href":"http:\/\/www.si-hr.eu\/2127\/sl\/wp-json\/wp\/v2\/media\/23230"}],"wp:attachment":[{"href":"http:\/\/www.si-hr.eu\/2127\/sl\/wp-json\/wp\/v2\/media?parent=23228"}],"wp:term":[{"taxonomy":"category","embeddable":true,"href":"http:\/\/www.si-hr.eu\/2127\/sl\/wp-json\/wp\/v2\/categories?post=23228"},{"taxonomy":"post_tag","embeddable":true,"href":"http:\/\/www.si-hr.eu\/2127\/sl\/wp-json\/wp\/v2\/tags?post=23228"}],"curies":[{"name":"wp","href":"https:\/\/api.w.org\/{rel}","templated":true}]}}