{"id":23234,"date":"2026-09-03T13:12:56","date_gmt":"2026-09-03T13:12:56","guid":{"rendered":"http:\/\/www.si-hr.eu\/2127\/?p=23234"},"modified":"2026-09-03T13:12:56","modified_gmt":"2026-09-03T13:12:56","slug":"vabilo-na-dan-interreg-sodelovanja-2026","status":"publish","type":"post","link":"http:\/\/www.si-hr.eu\/2127\/sl\/2026\/09\/03\/vabilo-na-dan-interreg-sodelovanja-2026\/","title":{"rendered":"Vabilo na Dan Interreg sodelovanja 2026"},"content":{"rendered":"<div class=\"fusion-fullwidth fullwidth-box fusion-builder-row-1 fusion-flex-container nonhundred-percent-fullwidth non-hundred-percent-height-scrolling\" style=\"background-color: #ffffff;background-position: center center;background-repeat: no-repeat;border-width: 0px 0px 0px 0px;border-color:#eae9e9;border-style:solid;\" ><div class=\"fusion-builder-row fusion-row fusion-flex-align-items-flex-start\" style=\"max-width:1248px;margin-left: calc(-4% \/ 2 );margin-right: calc(-4% \/ 2 );\"><div class=\"fusion-layout-column fusion_builder_column fusion-builder-column-0 fusion_builder_column_1_1 1_1 fusion-flex-column\"><div class=\"fusion-column-wrapper fusion-flex-justify-content-flex-start fusion-content-layout-column\" style=\"background-position:left top;background-repeat:no-repeat;-webkit-background-size:cover;-moz-background-size:cover;-o-background-size:cover;background-size:cover;padding: 0px 0px 0px 0px;\"><div class=\"fusion-text fusion-text-1\"><div class=\"fusion-column-wrapper fusion-flex-justify-content-flex-start fusion-content-layout-column\">\n<p><img decoding=\"async\" class=\"size-fusion-600 wp-image-23237 aligncenter\" src=\"http:\/\/www.si-hr.eu\/2127\/wp-content\/uploads\/sites\/103\/2026\/09\/1-600x424.png\" alt=\"Vabilo na IC day 2026, Zavr\u010d\" width=\"600\" height=\"424\" srcset=\"http:\/\/www.si-hr.eu\/2127\/wp-content\/uploads\/sites\/103\/2026\/09\/1-200x141.png 200w, http:\/\/www.si-hr.eu\/2127\/wp-content\/uploads\/sites\/103\/2026\/09\/1-300x212.png 300w, http:\/\/www.si-hr.eu\/2127\/wp-content\/uploads\/sites\/103\/2026\/09\/1-400x283.png 400w, http:\/\/www.si-hr.eu\/2127\/wp-content\/uploads\/sites\/103\/2026\/09\/1-600x424.png 600w, http:\/\/www.si-hr.eu\/2127\/wp-content\/uploads\/sites\/103\/2026\/09\/1-768x543.png 768w, http:\/\/www.si-hr.eu\/2127\/wp-content\/uploads\/sites\/103\/2026\/09\/1-800x566.png 800w, http:\/\/www.si-hr.eu\/2127\/wp-content\/uploads\/sites\/103\/2026\/09\/1-1024x724.png 1024w, http:\/\/www.si-hr.eu\/2127\/wp-content\/uploads\/sites\/103\/2026\/09\/1-1200x848.png 1200w, http:\/\/www.si-hr.eu\/2127\/wp-content\/uploads\/sites\/103\/2026\/09\/1-1536x1086.png 1536w\" sizes=\"(max-width: 600px) 100vw, 600px\" \/><\/p>\n<p>&nbsp;<\/p>\n<p><strong>Dan Interreg sodelovanja (Interreg Cooperation Day \u2013 IC Day)<\/strong> je tradicionalna evropska pobuda, s katero programi Interreg vsako leto pribli\u017eajo rezultate \u010dezmejnega sodelovanja prebivalcem Evrope. Program Interreg Slovenija\u2013Hrva\u0161ka se kampanji redno pridru\u017euje z dogodkom, ki predstavlja uspe\u0161ne projekte, dose\u017eke partnerjev in konkretne koristi, ki jih sodelovanje prina\u0161a lokalnim skupnostim.<\/p>\n<p>&nbsp;<\/p>\n<p>Leto\u0161nje leto je za kampanjo prelomno, saj praznuje 15. obletnico svojega delovanja. &nbsp;<strong>Dan Interreg sodelovanja 2026,&nbsp;<\/strong>z naslovom&nbsp;<strong>Po sledeh zlata \u2013 \u010cezmejna pustolov\u0161\u010dina, bomo izvedli skupaj s projektom Zlatarske avanture<\/strong>, ki je sofinanciran iz programskega obdobja 2021-2027.<\/p>\n<p>&nbsp;<\/p>\n<p><strong>Dogodek bo potekal v torek, 22. septembra 2026, ob 10.00 pri dvorcu Zavr\u010d.<\/strong><\/p>\n<p>\u0160tevilo udele\u017eencev je omejeno, zato se je na dogodek potrebno predhodno prijaviti.<\/p>\n<p><strong>Prijave za kori\u0161\u010denje avtobusnega prevoza zbiramo do 14. septembra 2026 (do 12:00), za udele\u017ebo na razli\u010dnih aktivnostih dogodka pa do 18. septembra 2026 oz. do zapolnitve mest preko spletnega obrazca.<\/strong><\/p>\n<p><strong>&nbsp;<\/strong><\/p>\n<p><strong><u>KAK\u0160NE AKTIVNOSTI SMO LETOS PRIPRAVILI ZA VAS?<\/u><\/strong><\/p>\n<ol>\n<li><strong>Rafting in izpiranje zlata <\/strong><\/li>\n<\/ol>\n<p>Do\u017eivite vznemirljiv spust po reki Dravi in spoznaj, kako so zlata zrna v strugi iskali neko\u010d. Za popolno udobje ob vodnih dogodiv\u0161\u010dinah priporo\u010damo rezervna obla\u010dila in udobno obutev.<\/p>\n<ol start=\"2\">\n<li><strong>Izpiranje zlata <\/strong><\/li>\n<\/ol>\n<p>Oglejte si prikaz tradicionalnega izpiranja zlata in spoznaj, kako so zlata zrna v strugi iskali neko\u010d. Za prijeten ogled in sprehod priporo\u010damo udobno obutev.<\/p>\n<ol start=\"3\">\n<li><strong>Lov na zaklad z e-kolesi in izpiranje zlata<\/strong><\/li>\n<\/ol>\n<p>\u010caka vas napeta e-kolesarska pustolov\u0161\u010dina z ugankami na prostem in prikazom tradicionalnega izpiranja zlata. Pot vklju\u010duje manj\u0161e vzpone, zato so za vo\u017enjo potrebni osnovno kolesarsko znanje, primerna telesna pripravljenost ter udobna obla\u010dila in obutev.<\/p>\n<ol start=\"4\">\n<li><strong>Lov na zaklad in izpiranje zlata<\/strong><\/li>\n<\/ol>\n<p>Podajte se na napet lova na zaklad, kjer boste re\u0161evali uganke in si ogledali tradicionalno izpiranje zlata. Za udoben sprehod in brezskrbno iskanje skritega zaklada priporo\u010damo \u0161portno obutev.<\/p>\n<p>&nbsp;<\/p>\n<p><a href=\"https:\/\/freeonlinesurveys.com\/s\/EnAziG3X\">POVEZAVA DO PRIJAVE NA DOGODEK<\/a><\/p>\n<p><a href=\"http:\/\/www.si-hr.eu\/2127\/download\/Vabilo_IC-day-2026_SI-HR.pdf\">ZA OGLED VABILA IN PROGRAMA KLIKNITE TUKAJ <\/a><\/p>\n<\/div>\n<\/div><\/div><style type=\"text\/css\">.fusion-body .fusion-builder-column-0{width:100% !important;margin-top : 0px;margin-bottom : 0px;}.fusion-builder-column-0 > .fusion-column-wrapper {padding-top : 0px !important;padding-right : 0px !important;margin-right : 1.92%;padding-bottom : 0px !important;padding-left : 0px !important;margin-left : 1.92%;}@media only screen and (max-width:1024px) {.fusion-body .fusion-builder-column-0{width:100% !important;}.fusion-builder-column-0 > .fusion-column-wrapper {margin-right : 1.92%;margin-left : 1.92%;}}@media only screen and (max-width:640px) {.fusion-body .fusion-builder-column-0{width:100% !important;}.fusion-builder-column-0 > .fusion-column-wrapper {margin-right : 1.92%;margin-left : 1.92%;}}<\/style><\/div><\/div><style type=\"text\/css\">.fusion-body .fusion-flex-container.fusion-builder-row-1{ padding-top : 0px;margin-top : 0px;padding-right : 0px;padding-bottom : 0px;margin-bottom : 0px;padding-left : 0px;}<\/style><\/div>\n","protected":false},"excerpt":{"rendered":"","protected":false},"author":18,"featured_media":23237,"comment_status":"closed","ping_status":"closed","sticky":false,"template":"","format":"standard","meta":{"ngg_post_thumbnail":0},"categories":[18],"tags":[],"acf":[],"_links":{"self":[{"href":"http:\/\/www.si-hr.eu\/2127\/sl\/wp-json\/wp\/v2\/posts\/23234"}],"collection":[{"href":"http:\/\/www.si-hr.eu\/2127\/sl\/wp-json\/wp\/v2\/posts"}],"about":[{"href":"http:\/\/www.si-hr.eu\/2127\/sl\/wp-json\/wp\/v2\/types\/post"}],"author":[{"embeddable":true,"href":"http:\/\/www.si-hr.eu\/2127\/sl\/wp-json\/wp\/v2\/users\/18"}],"replies":[{"embeddable":true,"href":"http:\/\/www.si-hr.eu\/2127\/sl\/wp-json\/wp\/v2\/comments?post=23234"}],"version-history":[{"count":1,"href":"http:\/\/www.si-hr.eu\/2127\/sl\/wp-json\/wp\/v2\/posts\/23234\/revisions"}],"predecessor-version":[{"id":23243,"href":"http:\/\/www.si-hr.eu\/2127\/sl\/wp-json\/wp\/v2\/posts\/23234\/revisions\/23243"}],"wp:featuredmedia":[{"embeddable":true,"href":"http:\/\/www.si-hr.eu\/2127\/sl\/wp-json\/wp\/v2\/media\/23237"}],"wp:attachment":[{"href":"http:\/\/www.si-hr.eu\/2127\/sl\/wp-json\/wp\/v2\/media?parent=23234"}],"wp:term":[{"taxonomy":"category","embeddable":true,"href":"http:\/\/www.si-hr.eu\/2127\/sl\/wp-json\/wp\/v2\/categories?post=23234"},{"taxonomy":"post_tag","embeddable":true,"href":"http:\/\/www.si-hr.eu\/2127\/sl\/wp-json\/wp\/v2\/tags?post=23234"}],"curies":[{"name":"wp","href":"https:\/\/api.w.org\/{rel}","templated":true}]}}