{"id":3260,"date":"2023-05-31T08:30:57","date_gmt":"2023-05-31T08:30:57","guid":{"rendered":"http:\/\/www.si-hr.eu\/2127\/?p=3260"},"modified":"2023-05-31T08:32:07","modified_gmt":"2023-05-31T08:32:07","slug":"57-projektnih-vlog-oddanih-v-prvem-roku-javnega-razpisa-za-predlozitev-vlog-za-standardne-projekte-za-prednostni-nalogi-1-in-3-sc-6-2","status":"publish","type":"post","link":"http:\/\/www.si-hr.eu\/2127\/sl\/2023\/05\/31\/57-projektnih-vlog-oddanih-v-prvem-roku-javnega-razpisa-za-predlozitev-vlog-za-standardne-projekte-za-prednostni-nalogi-1-in-3-sc-6-2\/","title":{"rendered":"57 projektnih vlog oddanih v prvem roku Javnega razpisa za predlo\u017eitev vlog za standardne projekte za prednostni nalogi 1 in 3 (SC 6.2)"},"content":{"rendered":"<div class=\"fusion-fullwidth fullwidth-box fusion-builder-row-1 fusion-flex-container nonhundred-percent-fullwidth non-hundred-percent-height-scrolling\" style=\"background-color: #ffffff;background-position: center center;background-repeat: no-repeat;border-width: 0px 0px 0px 0px;border-color:#eae9e9;border-style:solid;\" ><div class=\"fusion-builder-row fusion-row fusion-flex-align-items-flex-start\" style=\"max-width:1248px;margin-left: calc(-4% \/ 2 );margin-right: calc(-4% \/ 2 );\"><div class=\"fusion-layout-column fusion_builder_column fusion-builder-column-0 fusion_builder_column_1_1 1_1 fusion-flex-column\"><div class=\"fusion-column-wrapper fusion-flex-justify-content-flex-start fusion-content-layout-column\" style=\"background-position:left top;background-repeat:no-repeat;-webkit-background-size:cover;-moz-background-size:cover;-o-background-size:cover;background-size:cover;padding: 0px 0px 0px 0px;\"><div class=\"fusion-text fusion-text-1\"><p>V sredo, 24. maja 2023, se je zaklju\u010dil prvi rok za oddajo projektnih vlog v okviru Javnega razpisa za predlo\u017eitev vlog za standardne projekte za prednostni nalogi1 in 3 (SC 6.2) Interreg Programa Slovenija-Hrva\u0161ka v obdobju 2021-2027.<\/p>\n<p>&nbsp;<\/p>\n<p><strong>Do navedenega roka je bilo oddanih 57 projektnih vlog v skupni vrednosti nekaj ve\u010d kot 61 milijona evrov ESRR, in sicer:<\/strong><\/p>\n<p><strong>&#8211; <\/strong>za prednostno nalogo 1 je bilo oddanih 40 projektnih vlog, v skupni vrednosti nekaj ve\u010d kot 50 milijona evrov ESRR,<\/p>\n<p>&#8211; za prednostno nalogo 3 (SC 6.2) je bilo oddanih 17 projektnih vlog, v skupni vrednosti nekaj ve\u010d kot 10 milijona evrov ESRR.<\/p>\n<p><img decoding=\"async\" class=\"aligncenter wp-image-3263 size-full\" src=\"http:\/\/www.si-hr.eu\/2127\/wp-content\/uploads\/sites\/103\/2023\/05\/OV_1.rok_.png\" alt=\"\" width=\"636\" height=\"424\" srcset=\"http:\/\/www.si-hr.eu\/2127\/wp-content\/uploads\/sites\/103\/2023\/05\/OV_1.rok_-200x133.png 200w, http:\/\/www.si-hr.eu\/2127\/wp-content\/uploads\/sites\/103\/2023\/05\/OV_1.rok_-300x200.png 300w, http:\/\/www.si-hr.eu\/2127\/wp-content\/uploads\/sites\/103\/2023\/05\/OV_1.rok_-400x267.png 400w, http:\/\/www.si-hr.eu\/2127\/wp-content\/uploads\/sites\/103\/2023\/05\/OV_1.rok_-600x400.png 600w, http:\/\/www.si-hr.eu\/2127\/wp-content\/uploads\/sites\/103\/2023\/05\/OV_1.rok_.png 636w\" sizes=\"(max-width: 636px) 100vw, 636px\" \/><\/p>\n<p>Interreg Program Slovenija-Hrva\u0161ka 2021-2027 se financira iz Evropskega sklada za regionalni razvoj (ESRR) v okviru cilja evropsko teritorialno sodelovanje. Predmet zgoraj navedenega javnega razpisa za predlo\u017eitev projektnih vlog je sofinanciranje projektov, ki ustrezajo naslednjim prednostnim nalogam in specifi\u010dnim ciljem:<\/p>\n<p><strong>Prednostna naloga 1: Zelena in prilagodljiva regija<\/strong><\/p>\n<p>&nbsp;&nbsp;&nbsp; Specifi\u010dni cilj 2.4: Spodbujanje prilagajanja podnebnim spremembam, prepre\u010devanja tveganja nesre\u010d in odpornosti ob upo\u0161tevanju ekosistemskih pristopov<\/p>\n<p>&nbsp;&nbsp;&nbsp; Specifi\u010dni cilj 2.7: Izbolj\u0161anje varstva in ohranjanja narave ter biotske raznovrstnosti in zelene infrastrukture, tudi v mestnem okolju, in zmanj\u0161anje vseh oblik onesna\u017eevanja<\/p>\n<p><strong>Prednostna naloga 3: Dostopna in povezana regija<\/strong><\/p>\n<p>&nbsp;&nbsp;&nbsp; Specifi\u010dni cilj 6.2: ISC 1 &#8211; Krepitev u\u010dinkovite javne uprave s spodbujanjem pravnega in upravnega sodelovanja ter sodelovanja med dr\u017eavljani, akterji civilne dru\u017ebe in institucijami, zlasti z namenom, da se odpravijo pravne in druge ovire v obmejnih regijah<\/p>\n<\/div><\/div><style type=\"text\/css\">.fusion-body .fusion-builder-column-0{width:100% !important;margin-top : 0px;margin-bottom : 0px;}.fusion-builder-column-0 > .fusion-column-wrapper {padding-top : 0px !important;padding-right : 0px !important;margin-right : 1.92%;padding-bottom : 0px !important;padding-left : 0px !important;margin-left : 1.92%;}@media only screen and (max-width:1024px) {.fusion-body .fusion-builder-column-0{width:100% !important;}.fusion-builder-column-0 > .fusion-column-wrapper {margin-right : 1.92%;margin-left : 1.92%;}}@media only screen and (max-width:640px) {.fusion-body .fusion-builder-column-0{width:100% !important;}.fusion-builder-column-0 > .fusion-column-wrapper {margin-right : 1.92%;margin-left : 1.92%;}}<\/style><\/div><\/div><style type=\"text\/css\">.fusion-body .fusion-flex-container.fusion-builder-row-1{ padding-top : 0px;margin-top : 0px;padding-right : 0px;padding-bottom : 0px;margin-bottom : 0px;padding-left : 0px;}<\/style><\/div>\n","protected":false},"excerpt":{"rendered":"<p>V sredo, 24. maja 2023, se je zaklju\u010dil prvi rok za oddajo projektnih vlog v okviru Javnega razpisa za predlo\u017eitev vlog za standardne projekte za prednostni nalogi1 in 3 (SC 6.2) Interreg Programa Slovenija-Hrva\u0161ka v obdobju 2021-2027&#8230;<\/p>\n","protected":false},"author":18,"featured_media":3263,"comment_status":"closed","ping_status":"closed","sticky":false,"template":"","format":"standard","meta":{"ngg_post_thumbnail":0},"categories":[18],"tags":[],"acf":[],"_links":{"self":[{"href":"http:\/\/www.si-hr.eu\/2127\/sl\/wp-json\/wp\/v2\/posts\/3260"}],"collection":[{"href":"http:\/\/www.si-hr.eu\/2127\/sl\/wp-json\/wp\/v2\/posts"}],"about":[{"href":"http:\/\/www.si-hr.eu\/2127\/sl\/wp-json\/wp\/v2\/types\/post"}],"author":[{"embeddable":true,"href":"http:\/\/www.si-hr.eu\/2127\/sl\/wp-json\/wp\/v2\/users\/18"}],"replies":[{"embeddable":true,"href":"http:\/\/www.si-hr.eu\/2127\/sl\/wp-json\/wp\/v2\/comments?post=3260"}],"version-history":[{"count":1,"href":"http:\/\/www.si-hr.eu\/2127\/sl\/wp-json\/wp\/v2\/posts\/3260\/revisions"}],"predecessor-version":[{"id":3266,"href":"http:\/\/www.si-hr.eu\/2127\/sl\/wp-json\/wp\/v2\/posts\/3260\/revisions\/3266"}],"wp:featuredmedia":[{"embeddable":true,"href":"http:\/\/www.si-hr.eu\/2127\/sl\/wp-json\/wp\/v2\/media\/3263"}],"wp:attachment":[{"href":"http:\/\/www.si-hr.eu\/2127\/sl\/wp-json\/wp\/v2\/media?parent=3260"}],"wp:term":[{"taxonomy":"category","embeddable":true,"href":"http:\/\/www.si-hr.eu\/2127\/sl\/wp-json\/wp\/v2\/categories?post=3260"},{"taxonomy":"post_tag","embeddable":true,"href":"http:\/\/www.si-hr.eu\/2127\/sl\/wp-json\/wp\/v2\/tags?post=3260"}],"curies":[{"name":"wp","href":"https:\/\/api.w.org\/{rel}","templated":true}]}}