{"id":18336,"date":"2025-05-14T11:38:18","date_gmt":"2025-05-14T11:38:18","guid":{"rendered":"http:\/\/www.si-hr.eu\/2127\/?p=18336"},"modified":"2026-04-22T12:07:04","modified_gmt":"2026-04-22T12:07:04","slug":"sestanek-projektnih-partnerjev-savrinke-v-pazinu-sastanak-projektnih-partnera-savrinke-u-pazinu","status":"publish","type":"post","link":"http:\/\/www.si-hr.eu\/2127\/2025\/05\/14\/sestanek-projektnih-partnerjev-savrinke-v-pazinu-sastanak-projektnih-partnera-savrinke-u-pazinu\/","title":{"rendered":"Sestanek projektnih partnerjev \u0160AVRINKE v Pazinu\/ Sastanak projektnih partnera \u0160AVRINKE u Pazinu"},"content":{"rendered":"<div class=\"fusion-fullwidth fullwidth-box fusion-builder-row-1 fusion-flex-container nonhundred-percent-fullwidth non-hundred-percent-height-scrolling\" style=\"background-color: #ffffff;background-position: center center;background-repeat: no-repeat;border-width: 0px 0px 0px 0px;border-color:#eae9e9;border-style:solid;\" ><div class=\"fusion-builder-row fusion-row fusion-flex-align-items-flex-start\" style=\"max-width:1248px;margin-left: calc(-4% \/ 2 );margin-right: calc(-4% \/ 2 );\"><div class=\"fusion-layout-column fusion_builder_column fusion-builder-column-0 fusion_builder_column_1_1 1_1 fusion-flex-column\"><div class=\"fusion-column-wrapper fusion-flex-justify-content-flex-start fusion-content-layout-column\" style=\"background-position:left top;background-repeat:no-repeat;-webkit-background-size:cover;-moz-background-size:cover;-o-background-size:cover;background-size:cover;padding: 0px 0px 0px 0px;\"><div class=\"fusion-text fusion-text-1\"><p><em>\ud83c\uddf8\ud83c\uddee <\/em><\/p>\n<p>V torek, 13. maja 2025, je v hotelu Lovac v Pazinu potekalo delovno sre\u010danje partnerjev \u010dezmejnega projekta \u0160AVRINKE \u2013 Revitalizacija \u010dezmejne kulturne dedi\u0161\u010dine \u0160avrink z vklju\u010dujo\u010do trajnostno turisti\u010dno ponudbo.<br \/>\nSre\u010danje se je pri\u010delo s pozdravnim nagovorom predstojnika Upravnega oddelka za kmetijstvo, gozdarstvo, lovstvo, ribi\u0161tvo in vodno gospodarstvo Istrske \u017eupanije, gospoda Ezija Pinzana. Partnerji so skupaj analizirali izvajanje aktivnosti v 1. in 2. poro\u010devalnem obdobju, predstavili etnografski \u0161tudiji za slovensko in hrva\u0161ko Istro ter razpravljali o tematskih poteh \u00bbPo poteh \u0160avrink\u00ab, sodobnih ko\u0161arah \u0160avrink ter o komunikacijskih aktivnostih.<br \/>\nV nadaljevanju so partnerji predstavili stanje izvajanja po posameznih institucijah. Izpostavljen je bil napredek pri pripravi muzejskih in digitalnih vsebin, vklju\u010devanje lokalnih skupnosti ter pomen bolj\u0161e medsebojne komunikacije in promocije. V skupni razpravi so bili opredeljeni kriteriji za digitalno pot ter dogovorjena mo\u017enost skupnega obiska tematskih poti z namenom promocije na dru\u017ebenih omre\u017ejih. Posebej je bila obravnavana vklju\u010ditev dodatnih lokacij v anketo o sodobnih ko\u0161arah \u0160avrink, z zaklju\u010dkom, da bosta kon\u010dno razli\u010dico pripravila Agraria in AZRRI.<br \/>\nIzvedena je bila tudi novinarska konferenca, na kateri so sodelovali predstavniki institucij, ki so projektni partnerji, ter predstavili glavne projektne aktivnosti.<\/p>\n<p>\ud83c\udded\ud83c\uddf7<\/p>\n<p>U utorak, 13. svibnja 2025., u hotelu Lovac u Pazinu, odr\u017ean je radni sastanak partnera prekograni\u010dnog projekta \u0160AVRINKE &#8211; Revitalizacija prekograni\u010dne kulturne ba\u0161tine \u0160avrinka uz odr\u017eivu turisti\u010dku ponudu.<br \/>\nSastanak je zapo\u010deo pozdravnim govorom pro\u010delnika Upravnog odjela za poljoprivredu, \u0161umarstvo, lovstvo, ribarstvo i vodno gospodarstvo Istarske \u017eupanije, Ezia Pinzana. Partneri su zajedni\u010dki analizirali provedbu aktivnosti iz 1. i 2. perioda, predstavili etnografske studije za slovensku i hrvatsku Istru, te raspravljali o tematskim stazama \u201eStazama \u0160avrinki\u201c, suvremenim ko\u0161aricama \u0160avrinki i o komunikacijskim aktivnostima.<br \/>\nPartneri su potom iznijeli stanje provedbe po institucijama. Istaknuti su napredak u pripremi muzejskih i digitalnih sadr\u017eaja, uklju\u010divanje lokalnih zajednica te va\u017enost bolje suradnje u komunikaciji i promociji. U zajedni\u010dkoj raspravi definirani su kriteriji za digitalnu stazu te dogovorena mogu\u0107nost zajedni\u010dkog obilaska tematskih ruta radi promocije na dru\u0161tvenim mre\u017eama. Posebno se raspravljalo o uklju\u010divanju dodatnih lokacija u anketu o suvremenim ko\u0161aricama, uz zaklju\u010dak da \u0107e kona\u010dnu verziju pripremiti Agraria i AZRRI.<br \/>\nOdr\u017eana je konferencija za medije na kojoj su sudjelovali predstavnici institucija koje su projektni partneri te predstavljene su glavne aktivnosti projekta.<\/p>\n<\/div><style type=\"text\/css\">.fusion-gallery-1 .fusion-gallery-image {border:0px solid #e2e2e2;}<\/style><div class=\"fusion-gallery fusion-gallery-container fusion-grid-3 fusion-columns-total-3 fusion-gallery-layout-grid fusion-gallery-1\" style=\"margin:-5px;\"><div style=\"padding:5px;\" class=\"fusion-grid-column fusion-gallery-column fusion-gallery-column-3 hover-type-none\"><div class=\"fusion-gallery-image\"><a href=\"http:\/\/www.si-hr.eu\/2127\/wp-content\/uploads\/sites\/103\/2026\/04\/IMG-a27e48cfdc151681497bf1d520c80bff-V.jpg\" rel=\"noreferrer\" data-rel=\"iLightbox[gallery_image_1]\" class=\"fusion-lightbox\" target=\"_self\"><img decoding=\"async\" src=\"http:\/\/www.si-hr.eu\/2127\/wp-content\/uploads\/sites\/103\/2026\/04\/IMG-a27e48cfdc151681497bf1d520c80bff-V.jpg\" width=\"1600\" height=\"1197\" alt=\"\" title=\"IMG-a27e48cfdc151681497bf1d520c80bff-V\" aria-label=\"IMG-a27e48cfdc151681497bf1d520c80bff-V\" class=\"img-responsive wp-image-18258\" srcset=\"http:\/\/www.si-hr.eu\/2127\/wp-content\/uploads\/sites\/103\/2026\/04\/IMG-a27e48cfdc151681497bf1d520c80bff-V-200x150.jpg 200w, http:\/\/www.si-hr.eu\/2127\/wp-content\/uploads\/sites\/103\/2026\/04\/IMG-a27e48cfdc151681497bf1d520c80bff-V-400x299.jpg 400w, http:\/\/www.si-hr.eu\/2127\/wp-content\/uploads\/sites\/103\/2026\/04\/IMG-a27e48cfdc151681497bf1d520c80bff-V-600x449.jpg 600w, http:\/\/www.si-hr.eu\/2127\/wp-content\/uploads\/sites\/103\/2026\/04\/IMG-a27e48cfdc151681497bf1d520c80bff-V-800x599.jpg 800w, http:\/\/www.si-hr.eu\/2127\/wp-content\/uploads\/sites\/103\/2026\/04\/IMG-a27e48cfdc151681497bf1d520c80bff-V-1200x898.jpg 1200w, http:\/\/www.si-hr.eu\/2127\/wp-content\/uploads\/sites\/103\/2026\/04\/IMG-a27e48cfdc151681497bf1d520c80bff-V.jpg 1600w\" sizes=\"(min-width: 2200px) 100vw, (min-width: 784px) 397px, (min-width: 712px) 595px, (min-width: 640px) 712px, \" \/><\/a><\/div><\/div><div style=\"padding:5px;\" class=\"fusion-grid-column fusion-gallery-column fusion-gallery-column-3 hover-type-none\"><div class=\"fusion-gallery-image\"><a href=\"http:\/\/www.si-hr.eu\/2127\/wp-content\/uploads\/sites\/103\/2026\/04\/IMG-ce973045501a1480af3972dd1e75dd23-V.jpg\" rel=\"noreferrer\" data-rel=\"iLightbox[gallery_image_1]\" class=\"fusion-lightbox\" target=\"_self\"><img decoding=\"async\" src=\"http:\/\/www.si-hr.eu\/2127\/wp-content\/uploads\/sites\/103\/2026\/04\/IMG-ce973045501a1480af3972dd1e75dd23-V.jpg\" width=\"1600\" height=\"1197\" alt=\"\" title=\"IMG-ce973045501a1480af3972dd1e75dd23-V\" aria-label=\"IMG-ce973045501a1480af3972dd1e75dd23-V\" class=\"img-responsive wp-image-18261\" srcset=\"http:\/\/www.si-hr.eu\/2127\/wp-content\/uploads\/sites\/103\/2026\/04\/IMG-ce973045501a1480af3972dd1e75dd23-V-200x150.jpg 200w, http:\/\/www.si-hr.eu\/2127\/wp-content\/uploads\/sites\/103\/2026\/04\/IMG-ce973045501a1480af3972dd1e75dd23-V-400x299.jpg 400w, http:\/\/www.si-hr.eu\/2127\/wp-content\/uploads\/sites\/103\/2026\/04\/IMG-ce973045501a1480af3972dd1e75dd23-V-600x449.jpg 600w, http:\/\/www.si-hr.eu\/2127\/wp-content\/uploads\/sites\/103\/2026\/04\/IMG-ce973045501a1480af3972dd1e75dd23-V-800x599.jpg 800w, http:\/\/www.si-hr.eu\/2127\/wp-content\/uploads\/sites\/103\/2026\/04\/IMG-ce973045501a1480af3972dd1e75dd23-V-1200x898.jpg 1200w, http:\/\/www.si-hr.eu\/2127\/wp-content\/uploads\/sites\/103\/2026\/04\/IMG-ce973045501a1480af3972dd1e75dd23-V.jpg 1600w\" sizes=\"(min-width: 2200px) 100vw, (min-width: 784px) 397px, (min-width: 712px) 595px, (min-width: 640px) 712px, \" \/><\/a><\/div><\/div><div style=\"padding:5px;\" class=\"fusion-grid-column fusion-gallery-column fusion-gallery-column-3 hover-type-none\"><div class=\"fusion-gallery-image\"><a rel=\"noreferrer\" data-rel=\"iLightbox[gallery_image_1]\" class=\"fusion-lightbox\" target=\"_self\"><img decoding=\"async\" src=\"\" width=\"\" height=\"\" alt=\"\" title=\"\" aria-label=\"\" class=\"img-responsive wp-image-\" \/><\/a><\/div><\/div><div class=\"clearfix\"><\/div><\/div><\/div><style type=\"text\/css\">.fusion-body .fusion-builder-column-0{width:100% !important;margin-top : 0px;margin-bottom : 20px;}.fusion-builder-column-0 > .fusion-column-wrapper {padding-top : 0px !important;padding-right : 0px !important;margin-right : 1.92%;padding-bottom : 0px !important;padding-left : 0px !important;margin-left : 1.92%;}@media only screen and (max-width:1024px) {.fusion-body .fusion-builder-column-0{width:100% !important;order : 0;}.fusion-builder-column-0 > .fusion-column-wrapper {margin-right : 1.92%;margin-left : 1.92%;}}@media only screen and (max-width:640px) {.fusion-body .fusion-builder-column-0{width:100% !important;order : 0;}.fusion-builder-column-0 > .fusion-column-wrapper {margin-right : 1.92%;margin-left : 1.92%;}}<\/style><\/div><\/div><style type=\"text\/css\">.fusion-body .fusion-flex-container.fusion-builder-row-1{ padding-top : 0px;margin-top : 0px;padding-right : 0px;padding-bottom : 0px;margin-bottom : 0px;padding-left : 0px;}<\/style><\/div>\n","protected":false},"excerpt":{"rendered":"","protected":false},"author":33,"featured_media":18261,"comment_status":"open","ping_status":"open","sticky":false,"template":"","format":"standard","meta":{"ngg_post_thumbnail":0},"categories":[91],"tags":[],"acf":[],"_links":{"self":[{"href":"http:\/\/www.si-hr.eu\/2127\/wp-json\/wp\/v2\/posts\/18336"}],"collection":[{"href":"http:\/\/www.si-hr.eu\/2127\/wp-json\/wp\/v2\/posts"}],"about":[{"href":"http:\/\/www.si-hr.eu\/2127\/wp-json\/wp\/v2\/types\/post"}],"author":[{"embeddable":true,"href":"http:\/\/www.si-hr.eu\/2127\/wp-json\/wp\/v2\/users\/33"}],"replies":[{"embeddable":true,"href":"http:\/\/www.si-hr.eu\/2127\/wp-json\/wp\/v2\/comments?post=18336"}],"version-history":[{"count":1,"href":"http:\/\/www.si-hr.eu\/2127\/wp-json\/wp\/v2\/posts\/18336\/revisions"}],"predecessor-version":[{"id":18337,"href":"http:\/\/www.si-hr.eu\/2127\/wp-json\/wp\/v2\/posts\/18336\/revisions\/18337"}],"wp:featuredmedia":[{"embeddable":true,"href":"http:\/\/www.si-hr.eu\/2127\/wp-json\/wp\/v2\/media\/18261"}],"wp:attachment":[{"href":"http:\/\/www.si-hr.eu\/2127\/wp-json\/wp\/v2\/media?parent=18336"}],"wp:term":[{"taxonomy":"category","embeddable":true,"href":"http:\/\/www.si-hr.eu\/2127\/wp-json\/wp\/v2\/categories?post=18336"},{"taxonomy":"post_tag","embeddable":true,"href":"http:\/\/www.si-hr.eu\/2127\/wp-json\/wp\/v2\/tags?post=18336"}],"curies":[{"name":"wp","href":"https:\/\/api.w.org\/{rel}","templated":true}]}}