{"id":22911,"date":"2026-08-31T12:50:27","date_gmt":"2026-08-31T12:50:27","guid":{"rendered":"http:\/\/www.si-hr.eu\/2127\/?p=22911"},"modified":"2026-09-01T12:23:32","modified_gmt":"2026-09-01T12:23:32","slug":"22911","status":"publish","type":"post","link":"http:\/\/www.si-hr.eu\/2127\/2026\/08\/31\/22911\/","title":{"rendered":"Projekt Hosted by Tradition vstopa v novo fazo izvajanja\/Projekt Hosted by Tradition ulazi u novu fazu provedbe"},"content":{"rendered":"<p><div class=\"fusion-fullwidth fullwidth-box fusion-builder-row-1 fusion-flex-container nonhundred-percent-fullwidth non-hundred-percent-height-scrolling\" style=\"background-color: #ffffff;background-position: center center;background-repeat: no-repeat;border-width: 0px 0px 0px 0px;border-color:#eae9e9;border-style:solid;\" ><div class=\"fusion-builder-row fusion-row fusion-flex-align-items-flex-start\" style=\"max-width:1248px;margin-left: calc(-4% \/ 2 );margin-right: calc(-4% \/ 2 );\"><div class=\"fusion-layout-column fusion_builder_column fusion-builder-column-0 fusion_builder_column_1_1 1_1 fusion-flex-column\"><div class=\"fusion-column-wrapper fusion-flex-justify-content-flex-start fusion-content-layout-column\" style=\"background-position:left top;background-repeat:no-repeat;-webkit-background-size:cover;-moz-background-size:cover;-o-background-size:cover;background-size:cover;padding: 0px 0px 0px 0px;\"><div ><span class=\" fusion-imageframe imageframe-none imageframe-1 hover-type-none\"><img decoding=\"async\" width=\"2560\" height=\"1524\" title=\"20260828_151234\" src=\"http:\/\/www.si-hr.eu\/2127\/wp-content\/uploads\/sites\/103\/2026\/08\/20260828_151234-scaled.jpg\" class=\"img-responsive wp-image-22913\" srcset=\"http:\/\/www.si-hr.eu\/2127\/wp-content\/uploads\/sites\/103\/2026\/08\/20260828_151234-200x119.jpg 200w, http:\/\/www.si-hr.eu\/2127\/wp-content\/uploads\/sites\/103\/2026\/08\/20260828_151234-400x238.jpg 400w, http:\/\/www.si-hr.eu\/2127\/wp-content\/uploads\/sites\/103\/2026\/08\/20260828_151234-600x357.jpg 600w, http:\/\/www.si-hr.eu\/2127\/wp-content\/uploads\/sites\/103\/2026\/08\/20260828_151234-800x476.jpg 800w, http:\/\/www.si-hr.eu\/2127\/wp-content\/uploads\/sites\/103\/2026\/08\/20260828_151234-1200x714.jpg 1200w, http:\/\/www.si-hr.eu\/2127\/wp-content\/uploads\/sites\/103\/2026\/08\/20260828_151234-scaled.jpg 2560w\" sizes=\"(max-width: 640px) 100vw, 1200px\" \/><\/span><\/div><\/div><style type=\"text\/css\">.fusion-body .fusion-builder-column-0{width:100% !important;margin-top : 0px;margin-bottom : 20px;}.fusion-builder-column-0 > .fusion-column-wrapper {padding-top : 0px !important;padding-right : 0px !important;margin-right : 1.92%;padding-bottom : 0px !important;padding-left : 0px !important;margin-left : 1.92%;}@media only screen and (max-width:1024px) {.fusion-body .fusion-builder-column-0{width:100% !important;order : 0;}.fusion-builder-column-0 > .fusion-column-wrapper {margin-right : 1.92%;margin-left : 1.92%;}}@media only screen and (max-width:640px) {.fusion-body .fusion-builder-column-0{width:100% !important;order : 0;}.fusion-builder-column-0 > .fusion-column-wrapper {margin-right : 1.92%;margin-left : 1.92%;}}<\/style><\/div><\/div><style type=\"text\/css\">.fusion-body .fusion-flex-container.fusion-builder-row-1{ padding-top : 0px;margin-top : 0px;padding-right : 0px;padding-bottom : 0px;margin-bottom : 0px;padding-left : 0px;}<\/style><\/div><div class=\"fusion-fullwidth fullwidth-box fusion-builder-row-2 fusion-flex-container nonhundred-percent-fullwidth non-hundred-percent-height-scrolling\" style=\"background-color: #ffffff;background-position: center center;background-repeat: no-repeat;border-width: 0px 0px 0px 0px;border-color:#eae9e9;border-style:solid;\" ><div class=\"fusion-builder-row fusion-row fusion-flex-align-items-flex-start\" style=\"max-width:1248px;margin-left: calc(-4% \/ 2 );margin-right: calc(-4% \/ 2 );\"><div class=\"fusion-layout-column fusion_builder_column fusion-builder-column-1 fusion_builder_column_1_2 1_2 fusion-flex-column\"><div class=\"fusion-column-wrapper fusion-flex-justify-content-flex-start fusion-content-layout-column\" style=\"background-position:left top;background-repeat:no-repeat;-webkit-background-size:cover;-moz-background-size:cover;-o-background-size:cover;background-size:cover;padding: 0px 0px 0px 0px;\"><div class=\"fusion-text fusion-text-1\"><p><strong>Projekt Hosted by Tradition vstopa v novo fazo izvajanja; partnerji v Vara\u017edinu uskladili poro\u010danje in pripravili prihajajo\u010de aktivnosti<\/strong><\/p>\n<p>V Vara\u017edinu je v petek, 28. avgusta 2026, potekalo 7. sre\u010danje projektnih partnerjev projekta Hosted by Tradition (SIHR00775), na katerem so partnerji iz Slovenije in Hrva\u0161ke podrobno uskladili nadaljnje korake pri izvajanju projekta, s posebnim poudarkom na zaklju\u010dku prvega projektnega obdobja in procesu poro\u010danja.<\/p>\n<p>Partnerji so obravnavali klju\u010dne obveznosti in roke ter uskladili nadaljnje korake, da bi bilo poro\u010danje izvedeno pravo\u010dasno in v skladu s pravili programa Interreg Slovenija\u2013Hrva\u0161ka.<\/p>\n<p>Dogovorili so se tudi o podrobnostih prihajajo\u010dega uvodnega dogodka projekta, ki bo potekal 30. septembra 2026 v Trako\u0161\u0107anu. Za udele\u017eence projekta bo organiziran slovesni podpis sporazuma o vklju\u010ditvi v projekt. Dogodek bo prilo\u017enost za dodatno predstavitev ter povezovanje dele\u017enikov, vklju\u010denih v projekt, pa tudi za spoznavanje njihovih vlog, izku\u0161enj in prispevka k skupnemu cilju razvoja trajnostnega buti\u010dnega turizma.<\/p>\n<p>Projekt Hosted by Tradition naslavlja skupne izzive \u010dezmejnega obmo\u010dja Slovenije in Hrva\u0161ke, zlasti pomanjkanje povezovanja med ponudniki turisti\u010dnih storitev, omejeno uporabo kulturne in naravne dedi\u0161\u010dine za razvoj privla\u010dnih turisti\u010dnih produktov ter pomanjkanje kompetenc in trajnostnih praks med lokalnimi dele\u017eniki. Partnerji z izvajanjem skupnih aktivnosti ustvarjajo pogoje za razvoj trajnostnih turisti\u010dnih vsebin, ki povezujejo lokalno dedi\u0161\u010dino, znanje in potenciale \u010dezmejnega obmo\u010dja.<\/p>\n<p>Po delovnem delu sre\u010danja so imeli projektni partnerji prilo\u017enost spoznati tudi eno najve\u010djih turisti\u010dnih prireditev na Hrva\u0161kem \u2013 \u0160pancirfest. Z ogledom festivala so partnerjem predstavili primer uspe\u0161ne turisti\u010dne prireditve, ki Vara\u017edin vsako leto spremeni v sti\u010di\u0161\u010de kulture, umetnosti, ustvarjalnosti in turizma ter privablja \u0161tevilne obiskovalce iz Hrva\u0161ke in tujine.<\/p>\n<p>Projekt Hosted by Tradition se izvaja v okviru programa Interreg Slovenija\u2013Hrva\u0161ka in s \u010dezmejnim sodelovanjem partnerjev prispeva k ve\u010dji povezanosti obmo\u010dja, izmenjavi znanja in izku\u0161enj, krepitvi kompetenc lokalnih dele\u017enikov ter razvoju trajnostnih turisti\u010dnih vsebin in produktov, ki lahko prispevajo k dolgoro\u010dnemu razvoju destinacij in lokalnih skupnosti.<\/p>\n<\/div><\/div><style type=\"text\/css\">.fusion-body .fusion-builder-column-1{width:50% !important;margin-top : 0px;margin-bottom : 20px;}.fusion-builder-column-1 > .fusion-column-wrapper {padding-top : 0px !important;padding-right : 0px !important;margin-right : 3.84%;padding-bottom : 0px !important;padding-left : 0px !important;margin-left : 3.84%;}@media only screen and (max-width:1024px) {.fusion-body .fusion-builder-column-1{width:50% !important;order : 0;}.fusion-builder-column-1 > .fusion-column-wrapper {margin-right : 3.84%;margin-left : 3.84%;}}@media only screen and (max-width:640px) {.fusion-body .fusion-builder-column-1{width:100% !important;order : 0;}.fusion-builder-column-1 > .fusion-column-wrapper {margin-right : 1.92%;margin-left : 1.92%;}}<\/style><\/div><div class=\"fusion-layout-column fusion_builder_column fusion-builder-column-2 fusion_builder_column_1_2 1_2 fusion-flex-column\"><div class=\"fusion-column-wrapper fusion-flex-justify-content-flex-start fusion-content-layout-column\" style=\"background-position:left top;background-repeat:no-repeat;-webkit-background-size:cover;-moz-background-size:cover;-o-background-size:cover;background-size:cover;padding: 0px 0px 0px 0px;\"><div class=\"fusion-text fusion-text-2\"><p><strong>Projekt Hosted by Tradition ulazi u novu fazu provedbe; partneri u Vara\u017edinu uskladili izvje\u0161tavanje i pripremili nadolaze\u0107e aktivnosti<\/strong><\/p>\n<p>U Vara\u017edinu je u petak, 28. kolovoza 2026., odr\u017ean 7. sastanak projektnih partnera projekta Hosted by Tradition (SIHR00775), na kojem su partneri iz Slovenije i Hrvatske detaljno uskladili daljnje korake u provedbi projekta, s posebnim naglaskom na zavr\u0161etak prvog projektnog razdoblja i proces izvje\u0161tavanja.<\/p>\n<p>Partneri su razmotrili klju\u010dne obveze i rokove te uskladili daljnje korake kako bi izvje\u0161tavanje bilo provedeno pravodobno i u skladu s pravilima programa Interreg Slovenija\u2013Hrvatska.<\/p>\n<p>Dogovoreni su i detalji nadolaze\u0107eg uvodnog doga\u0111anja projekta koje \u0107e se odr\u017eati 30. rujna 2026. godine u Trako\u0161\u0107anu. Za sudionike projekta uprili\u010dit \u0107e se sve\u010dano potpisivanje sporazuma o uklju\u010denju u projekt. Doga\u0111aj \u0107e biti prilika za dodatno predstavljanje te povezivanje dionika uklju\u010denih u projekt kao i za upoznavanje s njihovim ulogama, iskustvima i doprinosom zajedni\u010dkom cilju razvoja odr\u017eivog butik turizma.<\/p>\n<p>Naime, projekt Hosted by Tradition bavi se zajedni\u010dkim izazovima prekograni\u010dnog podru\u010dja Slovenije i Hrvatske, posebice nedostatkom povezivanja me\u0111u turisti\u010dkim pru\u017eateljima usluga, ograni\u010denim kori\u0161tenjem kulturne i prirodne ba\u0161tine za razvoj atraktivnih turisti\u010dkih proizvoda te nedostatkom kompetencija i odr\u017eivih praksi me\u0111u lokalnim dionicima. Kroz zajedni\u010dke aktivnosti partneri rade na stvaranju uvjeta za razvoj odr\u017eivih turisti\u010dkih sadr\u017eaja koji povezuju lokalnu ba\u0161tinu, znanje i potencijale prekograni\u010dnog podru\u010dja.<\/p>\n<p>Nakon radnog dijela sastanka, projektni partneri imali su priliku upoznati i jednu od najve\u0107ih turisti\u010dkih manifestacija u Hrvatskoj \u2013 \u0160pancirfest. Obilaskom festivala partnerima je predstavljen primjer uspje\u0161ne turisti\u010dke manifestacije koja Vara\u017edin svake godine pretvara u mjesto susreta kulture, umjetnosti, kreativnosti i turizma te privla\u010di brojne posjetitelje iz Hrvatske i inozemstva.<\/p>\n<p>Projekt Hosted by Tradition provodi se u okviru programa Interreg Slovenija\u2013Hrvatska, a kroz prekograni\u010dnu suradnju partnera pridonosi ve\u0107oj povezanosti podru\u010dja, razmjeni znanja i iskustava, ja\u010danju kompetencija lokalnih dionika te razvoju odr\u017eivih turisti\u010dkih sadr\u017eaja i proizvoda koji mogu doprinijeti dugoro\u010dnom razvoju destinacija i lokalnih zajednica.<\/p>\n<\/div><\/div><style type=\"text\/css\">.fusion-body .fusion-builder-column-2{width:50% !important;margin-top : 0px;margin-bottom : 20px;}.fusion-builder-column-2 > .fusion-column-wrapper {padding-top : 0px !important;padding-right : 0px !important;margin-right : 3.84%;padding-bottom : 0px !important;padding-left : 0px !important;margin-left : 3.84%;}@media only screen and (max-width:1024px) {.fusion-body .fusion-builder-column-2{width:50% !important;order : 0;}.fusion-builder-column-2 > .fusion-column-wrapper {margin-right : 3.84%;margin-left : 3.84%;}}@media only screen and (max-width:640px) {.fusion-body .fusion-builder-column-2{width:100% !important;order : 0;}.fusion-builder-column-2 > .fusion-column-wrapper {margin-right : 1.92%;margin-left : 1.92%;}}<\/style><\/div><\/div><style type=\"text\/css\">.fusion-body .fusion-flex-container.fusion-builder-row-2{ padding-top : 0px;margin-top : 0px;padding-right : 0px;padding-bottom : 0px;margin-bottom : 0px;padding-left : 0px;}<\/style><\/div><\/p>\n","protected":false},"excerpt":{"rendered":"","protected":false},"author":53,"featured_media":22913,"comment_status":"open","ping_status":"open","sticky":false,"template":"","format":"standard","meta":{"ngg_post_thumbnail":0},"categories":[134,1],"tags":[],"acf":[],"_links":{"self":[{"href":"http:\/\/www.si-hr.eu\/2127\/wp-json\/wp\/v2\/posts\/22911"}],"collection":[{"href":"http:\/\/www.si-hr.eu\/2127\/wp-json\/wp\/v2\/posts"}],"about":[{"href":"http:\/\/www.si-hr.eu\/2127\/wp-json\/wp\/v2\/types\/post"}],"author":[{"embeddable":true,"href":"http:\/\/www.si-hr.eu\/2127\/wp-json\/wp\/v2\/users\/53"}],"replies":[{"embeddable":true,"href":"http:\/\/www.si-hr.eu\/2127\/wp-json\/wp\/v2\/comments?post=22911"}],"version-history":[{"count":13,"href":"http:\/\/www.si-hr.eu\/2127\/wp-json\/wp\/v2\/posts\/22911\/revisions"}],"predecessor-version":[{"id":23040,"href":"http:\/\/www.si-hr.eu\/2127\/wp-json\/wp\/v2\/posts\/22911\/revisions\/23040"}],"wp:featuredmedia":[{"embeddable":true,"href":"http:\/\/www.si-hr.eu\/2127\/wp-json\/wp\/v2\/media\/22913"}],"wp:attachment":[{"href":"http:\/\/www.si-hr.eu\/2127\/wp-json\/wp\/v2\/media?parent=22911"}],"wp:term":[{"taxonomy":"category","embeddable":true,"href":"http:\/\/www.si-hr.eu\/2127\/wp-json\/wp\/v2\/categories?post=22911"},{"taxonomy":"post_tag","embeddable":true,"href":"http:\/\/www.si-hr.eu\/2127\/wp-json\/wp\/v2\/tags?post=22911"}],"curies":[{"name":"wp","href":"https:\/\/api.w.org\/{rel}","templated":true}]}}