{"id":22918,"date":"2026-08-31T13:28:23","date_gmt":"2026-08-31T13:28:23","guid":{"rendered":"http:\/\/www.si-hr.eu\/2127\/?p=22918"},"modified":"2026-08-31T13:28:23","modified_gmt":"2026-08-31T13:28:23","slug":"po-poteh-savrink-nove-tematske-poti-in-zgodbe-ki-jih-zelimo-ohraniti-stazama-savrinki-nove-tematske-staze-i-price-koje-zelimo-sacuvati","status":"publish","type":"post","link":"http:\/\/www.si-hr.eu\/2127\/2026\/08\/31\/po-poteh-savrink-nove-tematske-poti-in-zgodbe-ki-jih-zelimo-ohraniti-stazama-savrinki-nove-tematske-staze-i-price-koje-zelimo-sacuvati\/","title":{"rendered":"Po poteh \u0160avrink &#8211; nove tematske poti in zgodbe, ki jih \u017eelimo ohraniti \/ Stazama \u0160avrinki &#8211; nove tematske staze i pri\u010de koje \u017eelimo sa\u010duvati"},"content":{"rendered":"<div class=\"fusion-fullwidth fullwidth-box fusion-builder-row-1 fusion-flex-container nonhundred-percent-fullwidth non-hundred-percent-height-scrolling\" style=\"background-color: #ffffff;background-position: center center;background-repeat: no-repeat;border-width: 0px 0px 0px 0px;border-color:#eae9e9;border-style:solid;\" ><div class=\"fusion-builder-row fusion-row fusion-flex-align-items-flex-start\" style=\"max-width:1248px;margin-left: calc(-4% \/ 2 );margin-right: calc(-4% \/ 2 );\"><div class=\"fusion-layout-column fusion_builder_column fusion-builder-column-0 fusion_builder_column_1_1 1_1 fusion-flex-column\"><div class=\"fusion-column-wrapper fusion-flex-justify-content-flex-start fusion-content-layout-column\" style=\"background-position:left top;background-repeat:no-repeat;-webkit-background-size:cover;-moz-background-size:cover;-o-background-size:cover;background-size:cover;padding: 0px 0px 0px 0px;\"><div class=\"fusion-text fusion-text-1\"><p>\ud83c\uddf8\ud83c\uddee<\/p>\n<p>V okviru projekta \u0160avrinke se nadaljuje vzpostavljanje novih tematskih poti, ki bodo povezale kraje, po katerih so neko\u010d hodile \u0160avrinke, ter obiskovalcem pribli\u017eale njihovo bogato kulturno dedi\u0161\u010dino. V Krkav\u010dah sta KZ Agraria Koper in Univerza v Ljubljani, Fakulteta za elektrotehniko, na terenu dolo\u010dili geolokacije in vsebine oznak za dve trasi \u2013 kraj\u0161o kro\u017eno u\u010dno pot po Krkav\u010dah ter dalj\u0161o \u010dezmejno pot, ki vodi vse do Momjana. Pot bo povezovala naravne in kulturne zanimivosti Krkav\u010d in doline Dragonje ter lokalne ponudnike. U\u010dna pot po Krkav\u010dah bo uradno odprta 19. septembra 2026 na Festivalu \u0160avrink v okviru tradicionalnega dogodka Vonj po Istri. Hkrati potekajo aktivnosti pri vzpostavljanju \u010dezmejne tematske poti \u00bbPo poteh \u0160avrink\u00ab od Gra\u010di\u0161\u010da do Ra\u010dje vasi. Predstavniki KZ Agraria Koper in Mestne ob\u010dine Koper so se sre\u010dali s predstavniki Kulturnega dru\u0161tva \u0160avrini in Anka \u0160avrinke ter se pogovarjali o poteh, zgodbah in legendah \u0160avrink, ki se \u0161e danes ohranjajo med doma\u010dini. Cilj je \u010dim ve\u010d tega bogatega izro\u010dila vklju\u010diti v novo tematsko pot ter ga z interaktivnimi vsebinami na zanimiv in dostopen na\u010din predstaviti obiskovalcem.<\/p>\n<p>\ud83c\udded\ud83c\uddf7<\/p>\n<p>U sklopu projekta \u0160avrinke nastavlja se uspostava novih tematskih staza koje \u0107e povezati mjesta kojima su nekada prolazile \u0160avrinke te posjetiteljima pribli\u017eiti njihovu bogatu kulturnu ba\u0161tinu. U Krkav\u010dama su KZ Agraria Koper i Sveu\u010dili\u0161te u Ljubljani, Fakultet elektrotehnike, na terenu odredili geolokacije i sadr\u017eaj oznaka za dvije trase \u2013 kra\u0107u kru\u017enu edukativnu stazu kroz Krkav\u010de te du\u017eu prekograni\u010dnu stazu koja vodi sve do Momjana. Staza \u0107e povezivati prirodne i kulturne znamenitosti Krkav\u010da i doline Dragonje te lokalne ponu\u0111a\u010de. Edukativna staza kroz Krkav\u010de slu\u017ebeno \u0107e biti otvorena 19. rujna 2026. na Festivalu \u0160avrinki u sklopu tradicionalne manifestacije Vonj po Istri. Istodobno se provode aktivnosti na uspostavi prekograni\u010dne tematske staze \u201ePo putevima \u0160avrinki\u201c od Gra\u010di\u0161\u0107a do Ra\u010dje Vasi. Predstavnici KZ Agraria Koper i Gradske op\u0107ine Koper susreli su se s predstavnicima Kulturnog dru\u0161tva \u0160avrini i Anka \u0160avrinke te razgovarali o putevima, pri\u010dama i legendama \u0160avrinki koje se i danas \u010duvaju me\u0111u lokalnim stanovni\u0161tvom. Cilj je \u0161to ve\u0107i dio ove bogate ba\u0161tine uklju\u010diti u novu tematsku stazu te je kroz interaktiv\u00a0 ne sadr\u017eaje na zanimljiv i pristupa\u010dan na\u010din pribli\u017eiti posjetiteljima.<\/p>\n<\/div><style type=\"text\/css\">.fusion-gallery-1 .fusion-gallery-image {border:0px solid #e2e2e2;}<\/style><div class=\"fusion-gallery fusion-gallery-container fusion-grid-3 fusion-columns-total-3 fusion-gallery-layout-grid fusion-gallery-1\" style=\"margin:-5px;\"><div style=\"padding:5px;\" class=\"fusion-grid-column fusion-gallery-column fusion-gallery-column-3 hover-type-none\"><div class=\"fusion-gallery-image\"><a href=\"http:\/\/www.si-hr.eu\/2127\/wp-content\/uploads\/sites\/103\/2026\/08\/SAVRINKE_Obilazak_7_2026-4.png\" rel=\"noreferrer\" data-rel=\"iLightbox[gallery_image_1]\" class=\"fusion-lightbox\" target=\"_self\"><img decoding=\"async\" src=\"http:\/\/www.si-hr.eu\/2127\/wp-content\/uploads\/sites\/103\/2026\/08\/SAVRINKE_Obilazak_7_2026-4.png\" width=\"1080\" height=\"1350\" alt=\"\" title=\"\u0160AVRINKE_Obilazak_7_2026 (4)\" aria-label=\"\u0160AVRINKE_Obilazak_7_2026 (4)\" class=\"img-responsive wp-image-22925\" srcset=\"http:\/\/www.si-hr.eu\/2127\/wp-content\/uploads\/sites\/103\/2026\/08\/SAVRINKE_Obilazak_7_2026-4-200x250.png 200w, http:\/\/www.si-hr.eu\/2127\/wp-content\/uploads\/sites\/103\/2026\/08\/SAVRINKE_Obilazak_7_2026-4-400x500.png 400w, http:\/\/www.si-hr.eu\/2127\/wp-content\/uploads\/sites\/103\/2026\/08\/SAVRINKE_Obilazak_7_2026-4-600x750.png 600w, http:\/\/www.si-hr.eu\/2127\/wp-content\/uploads\/sites\/103\/2026\/08\/SAVRINKE_Obilazak_7_2026-4-800x1000.png 800w, http:\/\/www.si-hr.eu\/2127\/wp-content\/uploads\/sites\/103\/2026\/08\/SAVRINKE_Obilazak_7_2026-4.png 1080w\" sizes=\"(min-width: 2200px) 100vw, (min-width: 784px) 397px, (min-width: 712px) 595px, (min-width: 640px) 712px, \" \/><\/a><\/div><\/div><div style=\"padding:5px;\" class=\"fusion-grid-column fusion-gallery-column fusion-gallery-column-3 hover-type-none\"><div class=\"fusion-gallery-image\"><a href=\"http:\/\/www.si-hr.eu\/2127\/wp-content\/uploads\/sites\/103\/2026\/08\/SAVRINKE_Obilazak_7_2026-1.png\" rel=\"noreferrer\" data-rel=\"iLightbox[gallery_image_1]\" class=\"fusion-lightbox\" target=\"_self\"><img decoding=\"async\" src=\"http:\/\/www.si-hr.eu\/2127\/wp-content\/uploads\/sites\/103\/2026\/08\/SAVRINKE_Obilazak_7_2026-1.png\" width=\"1080\" height=\"1350\" alt=\"\" title=\"\u0160AVRINKE_Obilazak_7_2026 (1)\" aria-label=\"\u0160AVRINKE_Obilazak_7_2026 (1)\" class=\"img-responsive wp-image-22922\" srcset=\"http:\/\/www.si-hr.eu\/2127\/wp-content\/uploads\/sites\/103\/2026\/08\/SAVRINKE_Obilazak_7_2026-1-200x250.png 200w, http:\/\/www.si-hr.eu\/2127\/wp-content\/uploads\/sites\/103\/2026\/08\/SAVRINKE_Obilazak_7_2026-1-400x500.png 400w, http:\/\/www.si-hr.eu\/2127\/wp-content\/uploads\/sites\/103\/2026\/08\/SAVRINKE_Obilazak_7_2026-1-600x750.png 600w, http:\/\/www.si-hr.eu\/2127\/wp-content\/uploads\/sites\/103\/2026\/08\/SAVRINKE_Obilazak_7_2026-1-800x1000.png 800w, http:\/\/www.si-hr.eu\/2127\/wp-content\/uploads\/sites\/103\/2026\/08\/SAVRINKE_Obilazak_7_2026-1.png 1080w\" sizes=\"(min-width: 2200px) 100vw, (min-width: 784px) 397px, (min-width: 712px) 595px, (min-width: 640px) 712px, \" \/><\/a><\/div><\/div><div style=\"padding:5px;\" class=\"fusion-grid-column fusion-gallery-column fusion-gallery-column-3 hover-type-none\"><div class=\"fusion-gallery-image\"><a href=\"http:\/\/www.si-hr.eu\/2127\/wp-content\/uploads\/sites\/103\/2026\/08\/SAVRINKE_sastanak_7_2026-1.png\" rel=\"noreferrer\" data-rel=\"iLightbox[gallery_image_1]\" class=\"fusion-lightbox\" target=\"_self\"><img decoding=\"async\" src=\"http:\/\/www.si-hr.eu\/2127\/wp-content\/uploads\/sites\/103\/2026\/08\/SAVRINKE_sastanak_7_2026-1.png\" width=\"1080\" height=\"1350\" alt=\"\" title=\"\u0160AVRINKE_sastanak_7_2026 (1)\" aria-label=\"\u0160AVRINKE_sastanak_7_2026 (1)\" class=\"img-responsive wp-image-22919\" srcset=\"http:\/\/www.si-hr.eu\/2127\/wp-content\/uploads\/sites\/103\/2026\/08\/SAVRINKE_sastanak_7_2026-1-200x250.png 200w, http:\/\/www.si-hr.eu\/2127\/wp-content\/uploads\/sites\/103\/2026\/08\/SAVRINKE_sastanak_7_2026-1-400x500.png 400w, http:\/\/www.si-hr.eu\/2127\/wp-content\/uploads\/sites\/103\/2026\/08\/SAVRINKE_sastanak_7_2026-1-600x750.png 600w, http:\/\/www.si-hr.eu\/2127\/wp-content\/uploads\/sites\/103\/2026\/08\/SAVRINKE_sastanak_7_2026-1-800x1000.png 800w, http:\/\/www.si-hr.eu\/2127\/wp-content\/uploads\/sites\/103\/2026\/08\/SAVRINKE_sastanak_7_2026-1.png 1080w\" sizes=\"(min-width: 2200px) 100vw, (min-width: 784px) 397px, (min-width: 712px) 595px, (min-width: 640px) 712px, \" \/><\/a><\/div><\/div><div class=\"clearfix\"><\/div><\/div><\/div><style type=\"text\/css\">.fusion-body .fusion-builder-column-0{width:100% !important;margin-top : 0px;margin-bottom : 20px;}.fusion-builder-column-0 > .fusion-column-wrapper {padding-top : 0px !important;padding-right : 0px !important;margin-right : 1.92%;padding-bottom : 0px !important;padding-left : 0px !important;margin-left : 1.92%;}@media only screen and (max-width:1024px) {.fusion-body .fusion-builder-column-0{width:100% !important;order : 0;}.fusion-builder-column-0 > .fusion-column-wrapper {margin-right : 1.92%;margin-left : 1.92%;}}@media only screen and (max-width:640px) {.fusion-body .fusion-builder-column-0{width:100% !important;order : 0;}.fusion-builder-column-0 > .fusion-column-wrapper {margin-right : 1.92%;margin-left : 1.92%;}}<\/style><\/div><\/div><style type=\"text\/css\">.fusion-body .fusion-flex-container.fusion-builder-row-1{ padding-top : 0px;margin-top : 0px;padding-right : 0px;padding-bottom : 0px;margin-bottom : 0px;padding-left : 0px;}<\/style><\/div>\n","protected":false},"excerpt":{"rendered":"","protected":false},"author":33,"featured_media":0,"comment_status":"open","ping_status":"open","sticky":false,"template":"","format":"standard","meta":{"ngg_post_thumbnail":0},"categories":[90],"tags":[],"acf":[],"_links":{"self":[{"href":"http:\/\/www.si-hr.eu\/2127\/wp-json\/wp\/v2\/posts\/22918"}],"collection":[{"href":"http:\/\/www.si-hr.eu\/2127\/wp-json\/wp\/v2\/posts"}],"about":[{"href":"http:\/\/www.si-hr.eu\/2127\/wp-json\/wp\/v2\/types\/post"}],"author":[{"embeddable":true,"href":"http:\/\/www.si-hr.eu\/2127\/wp-json\/wp\/v2\/users\/33"}],"replies":[{"embeddable":true,"href":"http:\/\/www.si-hr.eu\/2127\/wp-json\/wp\/v2\/comments?post=22918"}],"version-history":[{"count":1,"href":"http:\/\/www.si-hr.eu\/2127\/wp-json\/wp\/v2\/posts\/22918\/revisions"}],"predecessor-version":[{"id":22928,"href":"http:\/\/www.si-hr.eu\/2127\/wp-json\/wp\/v2\/posts\/22918\/revisions\/22928"}],"wp:attachment":[{"href":"http:\/\/www.si-hr.eu\/2127\/wp-json\/wp\/v2\/media?parent=22918"}],"wp:term":[{"taxonomy":"category","embeddable":true,"href":"http:\/\/www.si-hr.eu\/2127\/wp-json\/wp\/v2\/categories?post=22918"},{"taxonomy":"post_tag","embeddable":true,"href":"http:\/\/www.si-hr.eu\/2127\/wp-json\/wp\/v2\/tags?post=22918"}],"curies":[{"name":"wp","href":"https:\/\/api.w.org\/{rel}","templated":true}]}}