{"id":23101,"date":"2026-08-31T20:49:41","date_gmt":"2026-08-31T20:49:41","guid":{"rendered":"http:\/\/www.si-hr.eu\/2127\/?p=23101"},"modified":"2026-09-01T20:53:24","modified_gmt":"2026-09-01T20:53:24","slug":"potpisan-sporazum-o-uzajamnoj-pomoci-u-slucaju-prirodnih-i-drugih-nesreca-izmedu-jastrebarskog-i-crnomlja","status":"publish","type":"post","link":"http:\/\/www.si-hr.eu\/2127\/2026\/08\/31\/potpisan-sporazum-o-uzajamnoj-pomoci-u-slucaju-prirodnih-i-drugih-nesreca-izmedu-jastrebarskog-i-crnomlja\/","title":{"rendered":"Potpisan sporazum o uzajamnoj pomo\u0107i u slu\u010daju prirodnih i drugih nesre\u0107a izme\u0111u Jastrebarskog i \u010crnomlja"},"content":{"rendered":"<div class=\"fusion-fullwidth fullwidth-box fusion-builder-row-1 fusion-flex-container nonhundred-percent-fullwidth non-hundred-percent-height-scrolling\" style=\"background-color: #ffffff;background-position: center center;background-repeat: no-repeat;border-width: 0px 0px 0px 0px;border-color:#eae9e9;border-style:solid;\" ><div class=\"fusion-builder-row fusion-row fusion-flex-align-items-flex-start\" style=\"max-width:1248px;margin-left: calc(-4% \/ 2 );margin-right: calc(-4% \/ 2 );\"><div class=\"fusion-layout-column fusion_builder_column fusion-builder-column-0 fusion_builder_column_1_1 1_1 fusion-flex-column\"><div class=\"fusion-column-wrapper fusion-flex-justify-content-flex-start fusion-content-layout-column\" style=\"background-position:left top;background-repeat:no-repeat;-webkit-background-size:cover;-moz-background-size:cover;-o-background-size:cover;background-size:cover;padding: 0px 0px 0px 0px;\"><div class=\"fusion-text fusion-text-1\"><p class=\"isSelectedEnd\">U prostorijama Op\u0107ine \u010crnomelj sve\u010dano je potpisan prekograni\u010dni Sporazum o uzajamnoj pomo\u0107i u slu\u010daju prirodnih i drugih nesre\u0107a izme\u0111u Jastrebarskog i \u010crnomlja. Sporazum predstavlja va\u017ean korak u daljnjem ja\u010danju suradnje lokalnih zajednica i \u017eurnih slu\u017ebi s obje strane hrvatsko-slovenske granice.<\/p>\n<p class=\"isSelectedEnd\">Sporazum su potpisali gradona\u010delnik Grada Jastrebarskog <strong>Zvonimir Novosel<\/strong>, na\u010delnik Op\u0107ine \u010crnomelj <strong>Andrej Kav\u0161ek<\/strong>, predsjednik Vatrogasne zajednice Grada Jastrebarskog <strong>Ivica Sikra<\/strong>, predsjednik Gasilske zveze \u010crnomelj <strong>Boris Kambi\u010d<\/strong>, ravnateljica Gradskog dru\u0161tva Crvenog kri\u017ea Jastrebarsko <strong>Dunja Vla\u0161i\u0107<\/strong> te predsjednica Rde\u010deg kri\u017ea Slovenije \u2013 Obmo\u010dnog zdru\u017eenja \u010crnomelj <strong>Ljudmila Kocjan<\/strong>.<\/p>\n<h2>Zajedni\u010dki odgovor na nesre\u0107e s obje strane granice<\/h2>\n<p class=\"isSelectedEnd\">Potpisivanje sporazuma odr\u017eano je u okviru projekta <strong>SPARK<\/strong>, koji se sufinancira sredstvima programa <strong>Interreg Slovenija \u2013 Hrvatska<\/strong>, a projektne aktivnosti provodit \u0107e se do kraja kolovoza 2028. godine.<\/p>\n<p class=\"isSelectedEnd\">Glavni cilj projekta je ja\u010danje operativnih kapaciteta zajedni\u010dke prekograni\u010dne jedinice kako bi se osigurao br\u017ei, u\u010dinkovitiji i koordiniraniji odgovor na po\u017eare, poplave te druge prirodne i tehni\u010dke nesre\u0107e.<\/p>\n<p class=\"isSelectedEnd\">Projektom je predvi\u0111eno unapre\u0111enje zajedni\u010dkih osposobljavanja i vje\u017ebi, nabava specijalizirane opreme te daljnji razvoj operativne koordinacije izme\u0111u slu\u017ebi i organizacija iz Jastrebarskog i \u010crnomlja.<\/p>\n<p class=\"isSelectedEnd\">Posebna pozornost posvetit \u0107e se smanjenju zdravstvenih rizika kojima su tijekom intervencija izlo\u017eeni vatrogasci i ostali pripadnici \u017eurnih i spasila\u010dkih slu\u017ebi, kao i unaprje\u0111enju mjera za\u0161tite njihova zdravlja.<\/p>\n<h2>Sigurnost i solidarnost ne poznaju granice<\/h2>\n<p class=\"isSelectedEnd\">Potpisivanjem sporazuma dodatno se u\u010dvr\u0161\u0107uje dugoro\u010dna suradnja Jastrebarskog i \u010crnomlja u podru\u010dju za\u0161tite i spa\u0161avanja. Povezivanjem znanja, iskustva, ljudskih kapaciteta i opreme stvaraju se preduvjeti za kvalitetniji zajedni\u010dki odgovor u situacijama kada je potrebno brzo djelovanje bez obzira na dr\u017eavnu granicu.<\/p>\n<p class=\"isSelectedEnd\">Suradnja u okviru projekta SPARK tako \u0107e pridonijeti ne samo ve\u0107oj spremnosti uklju\u010denih slu\u017ebi nego i ve\u0107oj sigurnosti stanovnika cijelog prekograni\u010dnog podru\u010dja.<\/p>\n<p><strong>Sigurnost, solidarnost i me\u0111usobna pomo\u0107 ne poznaju granice \u2013 a Jastrebarsko i \u010crnomelj ovim sporazumom tu poruku pretvaraju u konkretnu suradnju.<\/strong><\/p>\n<p><img decoding=\"async\" class=\"size-large wp-image-23088 aligncenter\" src=\"http:\/\/www.si-hr.eu\/2127\/wp-content\/uploads\/sites\/103\/2026\/09\/789199008_1527151182773798_5246778742799317573_n-1-1024x576.jpg\" alt=\"\" width=\"1024\" height=\"576\" srcset=\"http:\/\/www.si-hr.eu\/2127\/wp-content\/uploads\/sites\/103\/2026\/09\/789199008_1527151182773798_5246778742799317573_n-1-200x113.jpg 200w, http:\/\/www.si-hr.eu\/2127\/wp-content\/uploads\/sites\/103\/2026\/09\/789199008_1527151182773798_5246778742799317573_n-1-300x169.jpg 300w, http:\/\/www.si-hr.eu\/2127\/wp-content\/uploads\/sites\/103\/2026\/09\/789199008_1527151182773798_5246778742799317573_n-1-400x225.jpg 400w, http:\/\/www.si-hr.eu\/2127\/wp-content\/uploads\/sites\/103\/2026\/09\/789199008_1527151182773798_5246778742799317573_n-1-600x338.jpg 600w, http:\/\/www.si-hr.eu\/2127\/wp-content\/uploads\/sites\/103\/2026\/09\/789199008_1527151182773798_5246778742799317573_n-1-768x432.jpg 768w, http:\/\/www.si-hr.eu\/2127\/wp-content\/uploads\/sites\/103\/2026\/09\/789199008_1527151182773798_5246778742799317573_n-1-800x450.jpg 800w, http:\/\/www.si-hr.eu\/2127\/wp-content\/uploads\/sites\/103\/2026\/09\/789199008_1527151182773798_5246778742799317573_n-1-1024x576.jpg 1024w, http:\/\/www.si-hr.eu\/2127\/wp-content\/uploads\/sites\/103\/2026\/09\/789199008_1527151182773798_5246778742799317573_n-1-1200x675.jpg 1200w, http:\/\/www.si-hr.eu\/2127\/wp-content\/uploads\/sites\/103\/2026\/09\/789199008_1527151182773798_5246778742799317573_n-1-1536x864.jpg 1536w\" sizes=\"(max-width: 1024px) 100vw, 1024px\" \/><\/p>\n<p><img decoding=\"async\" class=\"size-large wp-image-23094 aligncenter\" src=\"http:\/\/www.si-hr.eu\/2127\/wp-content\/uploads\/sites\/103\/2026\/09\/790945754_1527151176107132_7291994315603089552_n-1-1024x683.jpg\" alt=\"\" width=\"1024\" height=\"683\" srcset=\"http:\/\/www.si-hr.eu\/2127\/wp-content\/uploads\/sites\/103\/2026\/09\/790945754_1527151176107132_7291994315603089552_n-1-200x133.jpg 200w, http:\/\/www.si-hr.eu\/2127\/wp-content\/uploads\/sites\/103\/2026\/09\/790945754_1527151176107132_7291994315603089552_n-1-300x200.jpg 300w, http:\/\/www.si-hr.eu\/2127\/wp-content\/uploads\/sites\/103\/2026\/09\/790945754_1527151176107132_7291994315603089552_n-1-400x267.jpg 400w, http:\/\/www.si-hr.eu\/2127\/wp-content\/uploads\/sites\/103\/2026\/09\/790945754_1527151176107132_7291994315603089552_n-1-600x400.jpg 600w, http:\/\/www.si-hr.eu\/2127\/wp-content\/uploads\/sites\/103\/2026\/09\/790945754_1527151176107132_7291994315603089552_n-1-768x512.jpg 768w, http:\/\/www.si-hr.eu\/2127\/wp-content\/uploads\/sites\/103\/2026\/09\/790945754_1527151176107132_7291994315603089552_n-1-800x533.jpg 800w, http:\/\/www.si-hr.eu\/2127\/wp-content\/uploads\/sites\/103\/2026\/09\/790945754_1527151176107132_7291994315603089552_n-1-1024x683.jpg 1024w, http:\/\/www.si-hr.eu\/2127\/wp-content\/uploads\/sites\/103\/2026\/09\/790945754_1527151176107132_7291994315603089552_n-1-1200x800.jpg 1200w, http:\/\/www.si-hr.eu\/2127\/wp-content\/uploads\/sites\/103\/2026\/09\/790945754_1527151176107132_7291994315603089552_n-1-1536x1024.jpg 1536w\" sizes=\"(max-width: 1024px) 100vw, 1024px\" \/><\/p>\n<\/div><\/div><style type=\"text\/css\">.fusion-body .fusion-builder-column-0{width:100% !important;margin-top : 0px;margin-bottom : 20px;}.fusion-builder-column-0 > .fusion-column-wrapper {padding-top : 0px !important;padding-right : 0px !important;margin-right : 1.92%;padding-bottom : 0px !important;padding-left : 0px !important;margin-left : 1.92%;}@media only screen and (max-width:1024px) {.fusion-body .fusion-builder-column-0{width:100% !important;order : 0;}.fusion-builder-column-0 > .fusion-column-wrapper {margin-right : 1.92%;margin-left : 1.92%;}}@media only screen and (max-width:640px) {.fusion-body .fusion-builder-column-0{width:100% !important;order : 0;}.fusion-builder-column-0 > .fusion-column-wrapper {margin-right : 1.92%;margin-left : 1.92%;}}<\/style><\/div><\/div><style type=\"text\/css\">.fusion-body .fusion-flex-container.fusion-builder-row-1{ padding-top : 0px;margin-top : 0px;padding-right : 0px;padding-bottom : 0px;margin-bottom : 0px;padding-left : 0px;}<\/style><\/div>\n","protected":false},"excerpt":{"rendered":"","protected":false},"author":38,"featured_media":23091,"comment_status":"open","ping_status":"open","sticky":false,"template":"","format":"standard","meta":{"ngg_post_thumbnail":0},"categories":[158],"tags":[],"acf":[],"_links":{"self":[{"href":"http:\/\/www.si-hr.eu\/2127\/wp-json\/wp\/v2\/posts\/23101"}],"collection":[{"href":"http:\/\/www.si-hr.eu\/2127\/wp-json\/wp\/v2\/posts"}],"about":[{"href":"http:\/\/www.si-hr.eu\/2127\/wp-json\/wp\/v2\/types\/post"}],"author":[{"embeddable":true,"href":"http:\/\/www.si-hr.eu\/2127\/wp-json\/wp\/v2\/users\/38"}],"replies":[{"embeddable":true,"href":"http:\/\/www.si-hr.eu\/2127\/wp-json\/wp\/v2\/comments?post=23101"}],"version-history":[{"count":1,"href":"http:\/\/www.si-hr.eu\/2127\/wp-json\/wp\/v2\/posts\/23101\/revisions"}],"predecessor-version":[{"id":23102,"href":"http:\/\/www.si-hr.eu\/2127\/wp-json\/wp\/v2\/posts\/23101\/revisions\/23102"}],"wp:featuredmedia":[{"embeddable":true,"href":"http:\/\/www.si-hr.eu\/2127\/wp-json\/wp\/v2\/media\/23091"}],"wp:attachment":[{"href":"http:\/\/www.si-hr.eu\/2127\/wp-json\/wp\/v2\/media?parent=23101"}],"wp:term":[{"taxonomy":"category","embeddable":true,"href":"http:\/\/www.si-hr.eu\/2127\/wp-json\/wp\/v2\/categories?post=23101"},{"taxonomy":"post_tag","embeddable":true,"href":"http:\/\/www.si-hr.eu\/2127\/wp-json\/wp\/v2\/tags?post=23101"}],"curies":[{"name":"wp","href":"https:\/\/api.w.org\/{rel}","templated":true}]}}