{"id":23226,"date":"2026-08-31T11:38:53","date_gmt":"2026-08-31T11:38:53","guid":{"rendered":"http:\/\/www.si-hr.eu\/2127\/?p=23226"},"modified":"2026-09-03T11:47:52","modified_gmt":"2026-09-03T11:47:52","slug":"cro-si-safe-2-20-udelezencev-na-dopolnilnem-usposabljanju-20-sudionika-na-dopunskoj-obuci","status":"publish","type":"post","link":"http:\/\/www.si-hr.eu\/2127\/2026\/08\/31\/cro-si-safe-2-20-udelezencev-na-dopolnilnem-usposabljanju-20-sudionika-na-dopunskoj-obuci\/","title":{"rendered":"CRO-SI-SAFE 2: 20 udele\u017eencev na dopolnilnem usposabljanju \/ 20 sudionika na dopunskoj obuci"},"content":{"rendered":"<div class=\"fusion-fullwidth fullwidth-box fusion-builder-row-1 fusion-flex-container nonhundred-percent-fullwidth non-hundred-percent-height-scrolling\" style=\"background-color: #ffffff;background-position: center center;background-repeat: no-repeat;border-width: 0px 0px 0px 0px;border-color:#eae9e9;border-style:solid;\" ><div class=\"fusion-builder-row fusion-row fusion-flex-align-items-flex-start\" style=\"max-width:1248px;margin-left: calc(-4% \/ 2 );margin-right: calc(-4% \/ 2 );\"><div class=\"fusion-layout-column fusion_builder_column fusion-builder-column-0 fusion_builder_column_1_3 1_3 fusion-flex-column\"><div class=\"fusion-column-wrapper fusion-flex-justify-content-flex-start fusion-content-layout-column\" style=\"background-position:left top;background-repeat:no-repeat;-webkit-background-size:cover;-moz-background-size:cover;-o-background-size:cover;background-size:cover;padding: 0px 0px 0px 0px;\"><div class=\"fusion-text fusion-text-1\"><p class=\"isSelectedEnd\" style=\"text-align: left\">V okviru projekta <strong>CRO-SI-SAFE 2<\/strong> je bilo izvedeno dopolnilno usposabljanje za bolni\u010darje prve pomo\u010di, ki se ga je udele\u017eilo <strong>20 predstavnikov slu\u017eb in organizacij, ki sodelujejo pri odzivanju ob nesre\u010dah in drugih izrednih dogodkih<\/strong>. Med udele\u017eenci so bili predvsem <strong>gasilci<\/strong>, ki imajo pri zagotavljanju hitrega in u\u010dinkovitega odziva na terenu pomembno vlogo.<\/p>\n<p class=\"isSelectedEnd\" style=\"text-align: left\">Usposabljanje je organizirala <strong>Razvojna agencija Sotla<\/strong>, ki ga je izvedla v sodelovanju z <strong>Obmo\u010dnim zdru\u017eenjem Rde\u010dega kri\u017ea \u0160marje pri Jel\u0161ah<\/strong>. Namenjeno je bilo osve\u017eitvi in nadgradnji \u017ee pridobljenega znanja s podro\u010dja prve pomo\u010di ter utrjevanju prakti\u010dnih postopkov, ki so klju\u010dni za pravilno ukrepanje v prvih minutah po nesre\u010di.<\/p>\n<p class=\"isSelectedEnd\" style=\"text-align: left\">Prav prve minute po nesre\u010di so pogosto odlo\u010dilne, zato projekt CRO-SI-SAFE 2 veliko pozornosti namenja krepitvi znanja, usposobljenosti in pripravljenosti posameznikov ter slu\u017eb, ki se ob razli\u010dnih nesre\u010dah vklju\u010dujejo v sistem za\u0161\u010dite, re\u0161evanja in pomo\u010di. Dobro usposobljeni predstavniki nujnih in intervencijskih slu\u017eb lahko s pravo\u010dasnim in pravilnim ukrepanjem pomembno prispevajo k zmanj\u0161evanju posledic nesre\u010d ter za\u0161\u010diti zdravja in \u017eivljenj ljudi.<\/p>\n<p class=\"isSelectedEnd\" style=\"text-align: left\">Poseben pomen tovrstnih usposabljanj je tudi v povezovanju razli\u010dnih dele\u017enikov na lokalni in \u010dezmejni ravni ter krepitvi njihove pripravljenosti za skupno ukrepanje. Izbolj\u0161evanje odzivnih zmogljivosti in sodelovanja pristojnih slu\u017eb je namre\u010d eden izmed pomembnih ciljev projekta CRO-SI-SAFE 2, ki je usmerjen v bolj\u0161o pripravljenost na izredne dogodke na \u010dezmejnem obmo\u010dju Slovenije in Hrva\u0161ke.<\/p>\n<p class=\"isSelectedEnd\" style=\"text-align: left\">Dopolnilno usposabljanje predstavlja enega izmed korakov pri nadaljnjem razvoju lokalnih zmogljivosti. <strong>V kratkem je predvideno tudi celovito usposabljanje novih bolni\u010darjev prve pomo\u010di<\/strong>, s katerim bomo \u0161tevilo ustrezno usposobljenih oseb na obmo\u010dju \u0161e dodatno pove\u010dali.<\/p>\n<p class=\"isSelectedEnd\" style=\"text-align: left\">Nesre\u010de se zgodijo nepri\u010dakovano, zato je pravo\u010dasna priprava klju\u010dnega pomena. Z znanjem, prakti\u010dnim usposabljanjem ter povezovanjem slu\u017eb in organizacij lahko pomembno prispevamo k hitrej\u0161emu, varnej\u0161emu in u\u010dinkovitej\u0161emu odzivu takrat, ko je pomo\u010d najbolj potrebna.<\/p>\n<p style=\"text-align: left\">Projekt <strong>CRO-SI-SAFE 2<\/strong> se izvaja v okviru <strong>Interreg Programa Slovenija\u2013Hrva\u0161ka 2021\u20132027<\/strong> in je sofinanciran iz <strong>Evropskega sklada za regionalni razvoj<\/strong>.<\/p>\n<\/div><\/div><style type=\"text\/css\">.fusion-body .fusion-builder-column-0{width:33.333333333333% !important;margin-top : 0px;margin-bottom : 20px;}.fusion-builder-column-0 > .fusion-column-wrapper {padding-top : 0px !important;padding-right : 0px !important;margin-right : 5.76%;padding-bottom : 0px !important;padding-left : 0px !important;margin-left : 5.76%;}@media only screen and (max-width:1024px) {.fusion-body .fusion-builder-column-0{width:33.333333333333% !important;order : 0;}.fusion-builder-column-0 > .fusion-column-wrapper {margin-right : 5.76%;margin-left : 5.76%;}}@media only screen and (max-width:640px) {.fusion-body .fusion-builder-column-0{width:100% !important;order : 0;}.fusion-builder-column-0 > .fusion-column-wrapper {margin-right : 1.92%;margin-left : 1.92%;}}<\/style><\/div><div class=\"fusion-layout-column fusion_builder_column fusion-builder-column-1 fusion_builder_column_1_3 1_3 fusion-flex-column\"><div class=\"fusion-column-wrapper fusion-flex-justify-content-flex-start fusion-content-layout-column\" style=\"background-position:left top;background-repeat:no-repeat;-webkit-background-size:cover;-moz-background-size:cover;-o-background-size:cover;background-size:cover;padding: 0px 0px 0px 0px;\"><div ><span class=\" fusion-imageframe imageframe-none imageframe-1 hover-type-none\"><img decoding=\"async\" width=\"300\" height=\"169\" title=\"WhatsApp Image 4\" src=\"http:\/\/www.si-hr.eu\/2127\/wp-content\/uploads\/sites\/103\/2026\/09\/WhatsApp-Image-4-300x169.jpeg\" class=\"img-responsive wp-image-23218\" srcset=\"http:\/\/www.si-hr.eu\/2127\/wp-content\/uploads\/sites\/103\/2026\/09\/WhatsApp-Image-4-200x113.jpeg 200w, http:\/\/www.si-hr.eu\/2127\/wp-content\/uploads\/sites\/103\/2026\/09\/WhatsApp-Image-4-400x225.jpeg 400w, http:\/\/www.si-hr.eu\/2127\/wp-content\/uploads\/sites\/103\/2026\/09\/WhatsApp-Image-4-600x338.jpeg 600w, http:\/\/www.si-hr.eu\/2127\/wp-content\/uploads\/sites\/103\/2026\/09\/WhatsApp-Image-4-800x450.jpeg 800w, http:\/\/www.si-hr.eu\/2127\/wp-content\/uploads\/sites\/103\/2026\/09\/WhatsApp-Image-4-1200x675.jpeg 1200w, http:\/\/www.si-hr.eu\/2127\/wp-content\/uploads\/sites\/103\/2026\/09\/WhatsApp-Image-4.jpeg 1600w\" sizes=\"(max-width: 640px) 100vw, 400px\" \/><\/span><\/div><div ><span class=\" fusion-imageframe imageframe-none imageframe-2 hover-type-none\"><img decoding=\"async\" width=\"300\" height=\"140\" title=\"28.8.26_4\" src=\"http:\/\/www.si-hr.eu\/2127\/wp-content\/uploads\/sites\/103\/2026\/09\/28.8.26_4-300x140.jpeg\" class=\"img-responsive wp-image-23215\" srcset=\"http:\/\/www.si-hr.eu\/2127\/wp-content\/uploads\/sites\/103\/2026\/09\/28.8.26_4-200x93.jpeg 200w, http:\/\/www.si-hr.eu\/2127\/wp-content\/uploads\/sites\/103\/2026\/09\/28.8.26_4-400x187.jpeg 400w, http:\/\/www.si-hr.eu\/2127\/wp-content\/uploads\/sites\/103\/2026\/09\/28.8.26_4-600x280.jpeg 600w, http:\/\/www.si-hr.eu\/2127\/wp-content\/uploads\/sites\/103\/2026\/09\/28.8.26_4-800x374.jpeg 800w, http:\/\/www.si-hr.eu\/2127\/wp-content\/uploads\/sites\/103\/2026\/09\/28.8.26_4-1200x560.jpeg 1200w, http:\/\/www.si-hr.eu\/2127\/wp-content\/uploads\/sites\/103\/2026\/09\/28.8.26_4.jpeg 1600w\" sizes=\"(max-width: 640px) 100vw, 400px\" \/><\/span><\/div><div ><span class=\" fusion-imageframe imageframe-none imageframe-3 hover-type-none\"><img decoding=\"async\" width=\"300\" height=\"169\" title=\"WhatsApp Image 1\" src=\"http:\/\/www.si-hr.eu\/2127\/wp-content\/uploads\/sites\/103\/2026\/09\/WhatsApp-Image-1-300x169.jpeg\" class=\"img-responsive wp-image-23212\" srcset=\"http:\/\/www.si-hr.eu\/2127\/wp-content\/uploads\/sites\/103\/2026\/09\/WhatsApp-Image-1-200x113.jpeg 200w, http:\/\/www.si-hr.eu\/2127\/wp-content\/uploads\/sites\/103\/2026\/09\/WhatsApp-Image-1-400x225.jpeg 400w, http:\/\/www.si-hr.eu\/2127\/wp-content\/uploads\/sites\/103\/2026\/09\/WhatsApp-Image-1-600x338.jpeg 600w, http:\/\/www.si-hr.eu\/2127\/wp-content\/uploads\/sites\/103\/2026\/09\/WhatsApp-Image-1-800x450.jpeg 800w, http:\/\/www.si-hr.eu\/2127\/wp-content\/uploads\/sites\/103\/2026\/09\/WhatsApp-Image-1-1200x675.jpeg 1200w, http:\/\/www.si-hr.eu\/2127\/wp-content\/uploads\/sites\/103\/2026\/09\/WhatsApp-Image-1.jpeg 1600w\" sizes=\"(max-width: 640px) 100vw, 400px\" \/><\/span><\/div><\/div><style type=\"text\/css\">.fusion-body .fusion-builder-column-1{width:33.333333333333% !important;margin-top : 0px;margin-bottom : 20px;}.fusion-builder-column-1 > .fusion-column-wrapper {padding-top : 0px !important;padding-right : 0px !important;margin-right : 5.76%;padding-bottom : 0px !important;padding-left : 0px !important;margin-left : 5.76%;}@media only screen and (max-width:1024px) {.fusion-body .fusion-builder-column-1{width:33.333333333333% !important;order : 0;}.fusion-builder-column-1 > .fusion-column-wrapper {margin-right : 5.76%;margin-left : 5.76%;}}@media only screen and (max-width:640px) {.fusion-body .fusion-builder-column-1{width:100% !important;order : 0;}.fusion-builder-column-1 > .fusion-column-wrapper {margin-right : 1.92%;margin-left : 1.92%;}}<\/style><\/div><div class=\"fusion-layout-column fusion_builder_column fusion-builder-column-2 fusion_builder_column_1_3 1_3 fusion-flex-column\"><div class=\"fusion-column-wrapper fusion-flex-justify-content-flex-start fusion-content-layout-column\" style=\"background-position:left top;background-repeat:no-repeat;-webkit-background-size:cover;-moz-background-size:cover;-o-background-size:cover;background-size:cover;padding: 0px 0px 0px 0px;\"><div class=\"fusion-text fusion-text-2\"><p class=\"isSelectedEnd\" style=\"text-align: left\">U okviru projekta <strong>CRO-SI-SAFE 2<\/strong> odr\u017eana je dopunska obuka za pru\u017eatelje prve pomo\u0107i, na kojoj je sudjelovalo <strong>20 predstavnika slu\u017ebi i organizacija uklju\u010denih u djelovanje u slu\u010daju nesre\u0107a i drugih izvanrednih doga\u0111aja<\/strong>. Me\u0111u sudionicima su bili prvenstveno <strong>vatrogasci<\/strong>, koji imaju iznimno va\u017enu ulogu u osiguravanju brzog i u\u010dinkovitog odgovora na terenu.<\/p>\n<p class=\"isSelectedEnd\" style=\"text-align: left\">Obuku je organizirala <strong>Razvojna agencija Sotla<\/strong>, a provedena je u suradnji s <strong>Podru\u010dnim udru\u017eenjem Crvenog kri\u017ea \u0160marje pri Jel\u0161ah<\/strong>. Cilj obuke bio je obnoviti i nadograditi prethodno ste\u010dena znanja iz podru\u010dja prve pomo\u0107i te dodatno uvje\u017ebati prakti\u010dne postupke koji su klju\u010dni za pravilno reagiranje u prvim minutama nakon nesre\u0107e.<\/p>\n<p class=\"isSelectedEnd\" style=\"text-align: left\">Upravo su prve minute nakon nesre\u0107e \u010desto presudne, zbog \u010dega se u projektu CRO-SI-SAFE 2 posebna pozornost posve\u0107uje ja\u010danju znanja, osposobljenosti i spremnosti pojedinaca te slu\u017ebi koje sudjeluju u sustavu za\u0161tite, spa\u0161avanja i pru\u017eanja pomo\u0107i. Dobro osposobljeni predstavnici hitnih i interventnih slu\u017ebi pravodobnim i pravilnim postupanjem mogu zna\u010dajno pridonijeti smanjenju posljedica nesre\u0107a te za\u0161titi zdravlja i \u017eivota ljudi.<\/p>\n<p class=\"isSelectedEnd\" style=\"text-align: left\">Posebna vrijednost ovakvih obuka ogleda se i u povezivanju razli\u010ditih dionika na lokalnoj i prekograni\u010dnoj razini te ja\u010danju njihove spremnosti za zajedni\u010dko djelovanje. Unaprje\u0111enje kapaciteta za odgovor na izvanredne doga\u0111aje i suradnje nadle\u017enih slu\u017ebi jedan je od va\u017enih ciljeva projekta CRO-SI-SAFE 2, usmjerenog na pove\u0107anje pripravnosti na prekograni\u010dnom podru\u010dju Slovenije i Hrvatske.<\/p>\n<p class=\"isSelectedEnd\" style=\"text-align: left\">Dopunska obuka predstavlja jedan od koraka u daljnjem ja\u010danju lokalnih kapaciteta. <strong>Uskoro je planirana i cjelovita obuka novih pru\u017eatelja prve pomo\u0107i<\/strong>, \u010dime \u0107e se dodatno pove\u0107ati broj osposobljenih osoba na podru\u010dju provedbe projekta.<\/p>\n<p class=\"isSelectedEnd\" style=\"text-align: left\">Nesre\u0107e se doga\u0111aju neo\u010dekivano, stoga je pravodobna priprema od klju\u010dne va\u017enosti. Znanjem, prakti\u010dnim osposobljavanjem te povezivanjem slu\u017ebi i organizacija mo\u017eemo zna\u010dajno pridonijeti br\u017eem, sigurnijem i u\u010dinkovitijem odgovoru upravo onda kada je pomo\u0107 najpotrebnija.<\/p>\n<p style=\"text-align: left\">Projekt <strong>CRO-SI-SAFE 2<\/strong> provodi se u okviru <strong>Interreg programa Slovenija \u2013 Hrvatska 2021.\u20132027.<\/strong> i sufinanciran je sredstvima <strong>Europskog fonda za regionalni razvoj<\/strong>.<\/p>\n<\/div><\/div><style type=\"text\/css\">.fusion-body .fusion-builder-column-2{width:33.333333333333% !important;margin-top : 0px;margin-bottom : 20px;}.fusion-builder-column-2 > .fusion-column-wrapper {padding-top : 0px !important;padding-right : 0px !important;margin-right : 5.76%;padding-bottom : 0px !important;padding-left : 0px !important;margin-left : 5.76%;}@media only screen and (max-width:1024px) {.fusion-body .fusion-builder-column-2{width:33.333333333333% !important;order : 0;}.fusion-builder-column-2 > .fusion-column-wrapper {margin-right : 5.76%;margin-left : 5.76%;}}@media only screen and (max-width:640px) {.fusion-body .fusion-builder-column-2{width:100% !important;order : 0;}.fusion-builder-column-2 > .fusion-column-wrapper {margin-right : 1.92%;margin-left : 1.92%;}}<\/style><\/div><\/div><style type=\"text\/css\">.fusion-body .fusion-flex-container.fusion-builder-row-1{ padding-top : 0px;margin-top : 0px;padding-right : 0px;padding-bottom : 0px;margin-bottom : 0px;padding-left : 0px;}<\/style><\/div>\n","protected":false},"excerpt":{"rendered":"","protected":false},"author":47,"featured_media":23221,"comment_status":"open","ping_status":"open","sticky":false,"template":"","format":"standard","meta":{"ngg_post_thumbnail":0},"categories":[129],"tags":[193],"acf":[],"_links":{"self":[{"href":"http:\/\/www.si-hr.eu\/2127\/wp-json\/wp\/v2\/posts\/23226"}],"collection":[{"href":"http:\/\/www.si-hr.eu\/2127\/wp-json\/wp\/v2\/posts"}],"about":[{"href":"http:\/\/www.si-hr.eu\/2127\/wp-json\/wp\/v2\/types\/post"}],"author":[{"embeddable":true,"href":"http:\/\/www.si-hr.eu\/2127\/wp-json\/wp\/v2\/users\/47"}],"replies":[{"embeddable":true,"href":"http:\/\/www.si-hr.eu\/2127\/wp-json\/wp\/v2\/comments?post=23226"}],"version-history":[{"count":1,"href":"http:\/\/www.si-hr.eu\/2127\/wp-json\/wp\/v2\/posts\/23226\/revisions"}],"predecessor-version":[{"id":23227,"href":"http:\/\/www.si-hr.eu\/2127\/wp-json\/wp\/v2\/posts\/23226\/revisions\/23227"}],"wp:featuredmedia":[{"embeddable":true,"href":"http:\/\/www.si-hr.eu\/2127\/wp-json\/wp\/v2\/media\/23221"}],"wp:attachment":[{"href":"http:\/\/www.si-hr.eu\/2127\/wp-json\/wp\/v2\/media?parent=23226"}],"wp:term":[{"taxonomy":"category","embeddable":true,"href":"http:\/\/www.si-hr.eu\/2127\/wp-json\/wp\/v2\/categories?post=23226"},{"taxonomy":"post_tag","embeddable":true,"href":"http:\/\/www.si-hr.eu\/2127\/wp-json\/wp\/v2\/tags?post=23226"}],"curies":[{"name":"wp","href":"https:\/\/api.w.org\/{rel}","templated":true}]}}