{"id":23246,"date":"2026-09-04T10:27:53","date_gmt":"2026-09-04T10:27:53","guid":{"rendered":"http:\/\/www.si-hr.eu\/2127\/?p=23246"},"modified":"2026-09-04T10:31:44","modified_gmt":"2026-09-04T10:31:44","slug":"resilio-je-zacel-z-obnovo-malih-stojecih-vodnih-teles-resilio-je-zapoceo-s-obnovom-malih-stajacih-vodnih-tijela","status":"publish","type":"post","link":"http:\/\/www.si-hr.eu\/2127\/2026\/09\/04\/resilio-je-zacel-z-obnovo-malih-stojecih-vodnih-teles-resilio-je-zapoceo-s-obnovom-malih-stajacih-vodnih-tijela\/","title":{"rendered":"RESILIO je za\u010del z obnovo malih stoje\u010dih vodnih teles \/ RESILIO je zapo\u010deo s obnovom malih staja\u0107ih vodnih tijela"},"content":{"rendered":"<p><div class=\"fusion-fullwidth fullwidth-box fusion-builder-row-1 fusion-flex-container nonhundred-percent-fullwidth non-hundred-percent-height-scrolling\" style=\"background-color: #ffffff;background-position: center center;background-repeat: no-repeat;border-width: 0px 0px 0px 0px;border-color:#eae9e9;border-style:solid;\" ><div class=\"fusion-builder-row fusion-row fusion-flex-align-items-flex-start\" style=\"max-width:1248px;margin-left: calc(-4% \/ 2 );margin-right: calc(-4% \/ 2 );\"><div class=\"fusion-layout-column fusion_builder_column fusion-builder-column-0 fusion_builder_column_1_2 1_2 fusion-flex-column\"><div class=\"fusion-column-wrapper fusion-flex-justify-content-flex-start fusion-content-layout-column\" style=\"background-position:left top;background-repeat:no-repeat;-webkit-background-size:cover;-moz-background-size:cover;-o-background-size:cover;background-size:cover;padding: 0px 0px 0px 0px;\"><div class=\"fusion-text fusion-text-1\" style=\"text-align:justify;\"><p>V sredo, 2. septembra 2026, smo v Keki\u0107ih na obmo\u010dju Krajinskega parka \u017dumberak \u2013 Samoborsko gorje izvedli <strong>prvo v nizu obnov malih stoje\u010dih vodnih teles<\/strong>. Pri akciji so poleg projektnih partnerjev in prostovoljcev dru\u0161tva Hyla sodelovali tudi prostovoljci Evropske solidarnostne enote (ESE).<\/p>\n<p>Cilj pilotne aktivnosti je z obnovo malih vodnih teles prispevati k zadr\u017eevanju vode, izbolj\u0161anju lokalne mikroklime, ohranjanju biotske raznovrstnosti in<strong> krepitvi odpornosti \u010dezmejnega obmo\u010dja<\/strong> na su\u0161o in posledice podnebnih sprememb. Mala mlaka v Keki\u0107ih je bila izbrana za obnovo na podlagi predhodnih terenskih raziskav, ki so potrdile njen pomen za biotsko raznovrstnost. <strong>\u010ceprav je majhna, predstavlja pomemben \u017eivljenjski prostor<\/strong> za razli\u010dne vrste, med katerimi so bili zabele\u017eeni ni\u017einski urh, gozdna rjava \u017eaba in veliki rde\u010di ka\u010dji pastir. Hkrati <strong>ima mlaka tudi pomembno dru\u017ebeno funkcijo<\/strong> \u2013 gospod Keki\u0107 jo uporablja za napajanje svojih krav in \u017ee vrsto let skrbi za njeno stanje. Z nami je delil svoje izku\u0161nje, pomagal pri izvedbi del in nam celo posodil svojo samokolnico. V njegovi slivovi senci je ekipa \u010dez dan na\u0161la prijeten prostor za oddih in dogovarjanje o poteku del.<\/p>\n<p>Za izvedbo del smo izbrali <strong>pozno poletje, ko je vodostaj mlake nizek<\/strong>, aktivnost \u017eivali, ki jo uporabljajo, pa manj\u0161a. V samo nekaj urah smo odstranili odve\u010dno vegetacijo, ki je sen\u010dila mlako in zmanj\u0161evala njeno krajinsko vrednost, ter del ve\u010d let nakopi\u010denega sedimenta, s \u010dimer smo pove\u010dali njeno globino in sposobnost zadr\u017eevanja vode. Pri tem smo posebno pozornost namenili prebivalcem mlake. Pred za\u010detkom del smo skrbno pregledali sediment in iz njega odstranili navadne urhe, ki so se v njem skrivali. Odstranjeni sediment bo \u0161e nekaj dni ostal ob robu mlake, da se bodo lahko tudi druge drobne \u017eivali, ki se v njem nahajajo, vrnile v mlako. Nato bo sediment mogo\u010de uporabiti za obogatitev tal na bli\u017enjih vrtovih in v sadovnjakih.<\/p>\n<p>Obnova mlake v Keki\u0107ih je \u0161ele prva v nizu pilotnih aktivnosti. V okviru projekta RESILIO bo <strong>obnova malih stoje\u010dih vodnih teles potekala tudi na obmo\u010dju ob\u010din Pivka in Ilirska Bistrica v Slovenij<\/strong>i. Partnerji bodo v okviru izvedbe aktivnosti pridobivali nova znanja in izku\u0161nje ter jih izmenjevali, da bi izbolj\u0161ali upravljanje malih vodnih in mokri\u0161\u010dnih habitatov v razmerah podnebnih sprememb.<\/p>\n<\/div><\/div><style type=\"text\/css\">.fusion-body .fusion-builder-column-0{width:50% !important;margin-top : 0px;margin-bottom : 20px;}.fusion-builder-column-0 > .fusion-column-wrapper {padding-top : 0px !important;padding-right : 0px !important;margin-right : 3.84%;padding-bottom : 0px !important;padding-left : 0px !important;margin-left : 3.84%;}@media only screen and (max-width:1024px) {.fusion-body .fusion-builder-column-0{width:50% !important;order : 0;}.fusion-builder-column-0 > .fusion-column-wrapper {margin-right : 3.84%;margin-left : 3.84%;}}@media only screen and (max-width:640px) {.fusion-body .fusion-builder-column-0{width:100% !important;order : 0;}.fusion-builder-column-0 > .fusion-column-wrapper {margin-right : 1.92%;margin-left : 1.92%;}}<\/style><\/div><div class=\"fusion-layout-column fusion_builder_column fusion-builder-column-1 fusion_builder_column_1_2 1_2 fusion-flex-column\"><div class=\"fusion-column-wrapper fusion-flex-justify-content-flex-start fusion-content-layout-column\" style=\"background-position:left top;background-repeat:no-repeat;-webkit-background-size:cover;-moz-background-size:cover;-o-background-size:cover;background-size:cover;padding: 0px 0px 0px 0px;\"><div class=\"fusion-text fusion-text-2\" style=\"text-align:justify;\"><p>U srijedu, 2. rujna 2026., u Keki\u0107ima na podru\u010dju Parka prirode \u017dumberak \u2013 Samoborsko gorje proveli smo <strong>prvu u nizu obnova malih staja\u0107ih vodnih tijela<\/strong>. U akciji su, uz projektne partnere i volontere Udruge Hyla, sudjelovali i volonteri Europskih snaga solidarnosti (ESS).<\/p>\n<p>Cilj pilot-aktivnosti je obnovom malih vodnih tijela pridonijeti zadr\u017eavanju vode, pobolj\u0161anju lokalne mikroklime, o\u010duvanju bioraznolikosti i <strong>ja\u010danju otpornosti prekograni\u010dnog podru\u010dja na su\u0161u i posljedice klimatskih promjena<\/strong>. Mala lokva u Keki\u0107ima odabrana je za obnovu na temelju prethodnih terenskih istra\u017eivanja, koja su potvrdila njezinu va\u017enost za bioraznolikost. Iako povr\u0161inom mala, lokva predstavlja va\u017eno stani\u0161te razli\u010ditim vrstama, me\u0111u kojima su zabilje\u017eeni \u017euti muka\u010d, \u0161umska sme\u0111a \u017eaba i vretence modri kralj. Istovremeno, <strong>lokva ima i va\u017enu dru\u0161tvenu funkciju<\/strong> \u2013 gospodin Keki\u0107 koristi je za pojenje svojih krava i godinama se brine o njezinu stanju. S nama je podijelio svoje iskustvo, pomogao u provedbi radova te nam \u010dak posudio i svoje ta\u010dke. U njegovu \u0161ljiviku ekipa je tijekom dana pronalazila hlad i prostor za dogovor o tijeku radova.<\/p>\n<p>Za radove je odabrano <strong>kasno ljeto, kada je vodostaj lokve nizak<\/strong>, a aktivnost \u017eivotinja koje je koriste manja. U samo nekoliko sati uklonjen je vi\u0161ak vegetacije koja je zasjenjivala lokvu i umanjivala njezinu krajobraznu vrijednost, kao i dio godinama nakupljanog sedimenta, \u010dime je pove\u0107ana njezina dubina i kapacitet za zadr\u017eavanje vode. Pritom smo posebnu pa\u017enju posvetili stanovnicima lokve. Prije po\u010detka radova pa\u017eljivo smo pregledali sediment i iz njega izdvojili \u017eute muka\u010de koji su se ondje skrivali. Nakon zavr\u0161etka radova vratili smo ih u lokvu, dok \u0107e uklonjeni sediment jo\u0161 nekoliko dana ostati uz njezin rub kako bi i druge sitne \u017eivotinje koje se u njemu skrivaju imale priliku vratiti u lokvu. Nakon toga sediment se mo\u017ee iskoristiti za oboga\u0107ivanje tla u obli\u017enjim vrtovima i vo\u0107njacima.<\/p>\n<p>Obnova lokve u Keki\u0107ima tek je prva u nizu pilot-aktivnosti. U sklopu projekta RESILIO <strong>obnova malih staja\u0107ih vodnih tijela provodit \u0107e se i na podru\u010dju op\u0107ina Pivka i Ilirska Bistrica u Sloveniji<\/strong>. Kroz provedbu aktivnosti partneri \u0107e prikupljati nova iskustva i znanja te ih razmjenjivati kako bi se unaprijedilo upravljanje malim vodnim i mo\u010dvarnim stani\u0161tima u uvjetima klimatskih promjena.<\/p>\n<\/div><\/div><style type=\"text\/css\">.fusion-body .fusion-builder-column-1{width:50% !important;margin-top : 0px;margin-bottom : 20px;}.fusion-builder-column-1 > .fusion-column-wrapper {padding-top : 0px !important;padding-right : 0px !important;margin-right : 3.84%;padding-bottom : 0px !important;padding-left : 0px !important;margin-left : 3.84%;}@media only screen and (max-width:1024px) {.fusion-body .fusion-builder-column-1{width:50% !important;order : 0;}.fusion-builder-column-1 > .fusion-column-wrapper {margin-right : 3.84%;margin-left : 3.84%;}}@media only screen and (max-width:640px) {.fusion-body .fusion-builder-column-1{width:100% !important;order : 0;}.fusion-builder-column-1 > .fusion-column-wrapper {margin-right : 1.92%;margin-left : 1.92%;}}<\/style><\/div><\/div><style type=\"text\/css\">.fusion-body .fusion-flex-container.fusion-builder-row-1{ padding-top : 0px;margin-top : 0px;padding-right : 0px;padding-bottom : 0px;margin-bottom : 0px;padding-left : 0px;}<\/style><\/div><div class=\"fusion-fullwidth fullwidth-box fusion-builder-row-2 fusion-flex-container nonhundred-percent-fullwidth non-hundred-percent-height-scrolling\" style=\"background-color: #ffffff;background-position: center center;background-repeat: no-repeat;border-width: 0px 0px 0px 0px;border-color:#eae9e9;border-style:solid;\" ><div class=\"fusion-builder-row fusion-row fusion-flex-align-items-flex-start\" style=\"max-width:1248px;margin-left: calc(-4% \/ 2 );margin-right: calc(-4% \/ 2 );\"><div class=\"fusion-layout-column fusion_builder_column fusion-builder-column-2 fusion_builder_column_1_1 1_1 fusion-flex-column\"><div class=\"fusion-column-wrapper fusion-flex-justify-content-flex-start fusion-content-layout-column\" style=\"background-position:left top;background-repeat:no-repeat;-webkit-background-size:cover;-moz-background-size:cover;-o-background-size:cover;background-size:cover;padding: 0px 0px 0px 0px;\"><div style=\"text-align:center;\"><span class=\" fusion-imageframe imageframe-none imageframe-1 hover-type-none\"><img decoding=\"async\" width=\"1125\" height=\"703\" alt=\"Kola\u017e fotografija s volonterske akcije \u010di\u0161\u0107enja lokve u Keki\u0107ima\" title=\"Keki\u0107i obnova lokve\" src=\"http:\/\/www.si-hr.eu\/2127\/wp-content\/uploads\/sites\/103\/2026\/09\/Kekici-obnova-lokve.png\" class=\"img-responsive wp-image-23250\" srcset=\"http:\/\/www.si-hr.eu\/2127\/wp-content\/uploads\/sites\/103\/2026\/09\/Kekici-obnova-lokve-200x125.png 200w, http:\/\/www.si-hr.eu\/2127\/wp-content\/uploads\/sites\/103\/2026\/09\/Kekici-obnova-lokve-400x250.png 400w, http:\/\/www.si-hr.eu\/2127\/wp-content\/uploads\/sites\/103\/2026\/09\/Kekici-obnova-lokve-600x375.png 600w, http:\/\/www.si-hr.eu\/2127\/wp-content\/uploads\/sites\/103\/2026\/09\/Kekici-obnova-lokve-800x500.png 800w, http:\/\/www.si-hr.eu\/2127\/wp-content\/uploads\/sites\/103\/2026\/09\/Kekici-obnova-lokve.png 1125w\" sizes=\"(max-width: 640px) 100vw, 1125px\" \/><\/span><\/div><\/div><style type=\"text\/css\">.fusion-body .fusion-builder-column-2{width:100% !important;margin-top : 0px;margin-bottom : 20px;}.fusion-builder-column-2 > .fusion-column-wrapper {padding-top : 0px !important;padding-right : 0px !important;margin-right : 1.92%;padding-bottom : 0px !important;padding-left : 0px !important;margin-left : 1.92%;}@media only screen and (max-width:1024px) {.fusion-body .fusion-builder-column-2{width:100% !important;order : 0;}.fusion-builder-column-2 > .fusion-column-wrapper {margin-right : 1.92%;margin-left : 1.92%;}}@media only screen and (max-width:640px) {.fusion-body .fusion-builder-column-2{width:100% !important;order : 0;}.fusion-builder-column-2 > .fusion-column-wrapper {margin-right : 1.92%;margin-left : 1.92%;}}<\/style><\/div><\/div><style type=\"text\/css\">.fusion-body .fusion-flex-container.fusion-builder-row-2{ padding-top : 0px;margin-top : 0px;padding-right : 0px;padding-bottom : 0px;margin-bottom : 0px;padding-left : 0px;}<\/style><\/div><\/p>\n","protected":false},"excerpt":{"rendered":"","protected":false},"author":50,"featured_media":23247,"comment_status":"open","ping_status":"open","sticky":false,"template":"","format":"standard","meta":{"ngg_post_thumbnail":0},"categories":[155],"tags":[101,170,169,163,173],"acf":[],"_links":{"self":[{"href":"http:\/\/www.si-hr.eu\/2127\/wp-json\/wp\/v2\/posts\/23246"}],"collection":[{"href":"http:\/\/www.si-hr.eu\/2127\/wp-json\/wp\/v2\/posts"}],"about":[{"href":"http:\/\/www.si-hr.eu\/2127\/wp-json\/wp\/v2\/types\/post"}],"author":[{"embeddable":true,"href":"http:\/\/www.si-hr.eu\/2127\/wp-json\/wp\/v2\/users\/50"}],"replies":[{"embeddable":true,"href":"http:\/\/www.si-hr.eu\/2127\/wp-json\/wp\/v2\/comments?post=23246"}],"version-history":[{"count":1,"href":"http:\/\/www.si-hr.eu\/2127\/wp-json\/wp\/v2\/posts\/23246\/revisions"}],"predecessor-version":[{"id":23253,"href":"http:\/\/www.si-hr.eu\/2127\/wp-json\/wp\/v2\/posts\/23246\/revisions\/23253"}],"wp:featuredmedia":[{"embeddable":true,"href":"http:\/\/www.si-hr.eu\/2127\/wp-json\/wp\/v2\/media\/23247"}],"wp:attachment":[{"href":"http:\/\/www.si-hr.eu\/2127\/wp-json\/wp\/v2\/media?parent=23246"}],"wp:term":[{"taxonomy":"category","embeddable":true,"href":"http:\/\/www.si-hr.eu\/2127\/wp-json\/wp\/v2\/categories?post=23246"},{"taxonomy":"post_tag","embeddable":true,"href":"http:\/\/www.si-hr.eu\/2127\/wp-json\/wp\/v2\/tags?post=23246"}],"curies":[{"name":"wp","href":"https:\/\/api.w.org\/{rel}","templated":true}]}}