{"id":1001,"date":"2016-10-14T11:55:04","date_gmt":"2016-10-14T10:55:04","guid":{"rendered":"http:\/\/84.39.218.255\/hr2\/?p=1001"},"modified":"2016-10-14T11:55:04","modified_gmt":"2016-10-14T10:55:04","slug":"vazno-upozorenje-vezano-uz-ispunjavanje-obrasca-za-prijavu-u-ems-u-za-2-rok","status":"publish","type":"post","link":"http:\/\/www.si-hr.eu\/hr2\/2016\/10\/14\/vazno-upozorenje-vezano-uz-ispunjavanje-obrasca-za-prijavu-u-ems-u-za-2-rok\/","title":{"rendered":"Va\u017eno upozorenje vezano uz ispunjavanje obrasca za prijavu u eMS-u za 2.rok"},"content":{"rendered":"<p>Kod posljednje nadogradnje sustava eMS-a od strane Interacta, koji razvija sustav eMS za sve Interreg programe koji su preuzeli eMS, do\u0161lo je do pogre\u0161ke koja mo\u017ee ote\u017eati pravilno uno\u0161enje u sustav.<\/p>\n<p>Kod uno\u0161enja partnera u obrazac za prijavu slijedite upute u privitku:<\/p>\n<p><strong><a href=\"http:\/\/84.39.218.255\/hr2\/wp-content\/uploads\/sites\/13\/2016\/10\/Vazno_upozorenje_vezano_uz_ispunjavanje_obrasca_za_prijavu_u_eMS-u_za_2_rok.pdf\" target=\"_blank\">Va\u017eno upozorenje vezano uz ispunjavanje obrasca za prijavu u eMS-u za 2.rok<\/a><\/strong><\/p>\n","protected":false},"excerpt":{"rendered":"<p>Kod posljednje nadogradnje sustava eMS-a od strane Interacta, koji razvija sustav eMS za sve Interreg programe koji su preuzeli eMS, do\u0161lo je do pogre\u0161ke koja mo\u017ee ote\u017eati pravilno uno\u0161enje u sustav. Kod uno\u0161enja partnera u obrazac za prijavu slijedite upute u privitku.<\/p>\n","protected":false},"author":1,"featured_media":703,"comment_status":"closed","ping_status":"open","sticky":false,"template":"","format":"standard","meta":{"ngg_post_thumbnail":0},"categories":[3,8],"tags":[],"acf":[],"_links":{"self":[{"href":"http:\/\/www.si-hr.eu\/hr2\/wp-json\/wp\/v2\/posts\/1001"}],"collection":[{"href":"http:\/\/www.si-hr.eu\/hr2\/wp-json\/wp\/v2\/posts"}],"about":[{"href":"http:\/\/www.si-hr.eu\/hr2\/wp-json\/wp\/v2\/types\/post"}],"author":[{"embeddable":true,"href":"http:\/\/www.si-hr.eu\/hr2\/wp-json\/wp\/v2\/users\/1"}],"replies":[{"embeddable":true,"href":"http:\/\/www.si-hr.eu\/hr2\/wp-json\/wp\/v2\/comments?post=1001"}],"version-history":[{"count":1,"href":"http:\/\/www.si-hr.eu\/hr2\/wp-json\/wp\/v2\/posts\/1001\/revisions"}],"predecessor-version":[{"id":1003,"href":"http:\/\/www.si-hr.eu\/hr2\/wp-json\/wp\/v2\/posts\/1001\/revisions\/1003"}],"wp:featuredmedia":[{"embeddable":true,"href":"http:\/\/www.si-hr.eu\/hr2\/wp-json\/wp\/v2\/media\/703"}],"wp:attachment":[{"href":"http:\/\/www.si-hr.eu\/hr2\/wp-json\/wp\/v2\/media?parent=1001"}],"wp:term":[{"taxonomy":"category","embeddable":true,"href":"http:\/\/www.si-hr.eu\/hr2\/wp-json\/wp\/v2\/categories?post=1001"},{"taxonomy":"post_tag","embeddable":true,"href":"http:\/\/www.si-hr.eu\/hr2\/wp-json\/wp\/v2\/tags?post=1001"}],"curies":[{"name":"wp","href":"https:\/\/api.w.org\/{rel}","templated":true}]}}