{"id":4895,"date":"2021-09-29T13:26:01","date_gmt":"2021-09-29T12:26:01","guid":{"rendered":"http:\/\/www.si-hr.eu\/hr2\/?p=4895"},"modified":"2021-09-29T13:26:01","modified_gmt":"2021-09-29T12:26:01","slug":"uspjesno-medudrzavno-sudjelovanje-u-protupoplavnoj-i-ekoloskoj-zastiti-slivova-granicnih-rijeka-kupe-i-drave","status":"publish","type":"post","link":"http:\/\/www.si-hr.eu\/hr2\/2021\/09\/29\/uspjesno-medudrzavno-sudjelovanje-u-protupoplavnoj-i-ekoloskoj-zastiti-slivova-granicnih-rijeka-kupe-i-drave\/","title":{"rendered":"Uspje\u0161no me\u0111udr\u017eavno sudjelovanje u protupoplavnoj i ekolo\u0161koj za\u0161titi slivova grani\u010dnih rijeka Kupe i Drave"},"content":{"rendered":"<section  class='av_textblock_section av-av_textblock-2de302bf1aa3cf4c9157dbe6f50ac7eb'  itemscope=\"itemscope\" itemtype=\"https:\/\/schema.org\/BlogPosting\" itemprop=\"blogPost\" ><div class='avia_textblock'  itemprop=\"text\" ><h3 style=\"text-align: center;\"><strong>Uspje\u0161no me\u0111udr\u017eavno sudjelovanje u protupoplavnoj i ekolo\u0161koj za\u0161titi slivova grani\u010dnih rijeka Kupe i Drave<\/strong><\/h3>\n<h3><strong>\u00a0<\/strong><\/h3>\n<h3 style=\"text-align: left;\"><strong>\u00a0<\/strong><\/h3>\n<h5><\/h5>\n<p><strong>U naselju Hrvatsko u Republici Hrvatskoj i u obli\u017enjem naselju Ku\u017eelj u Republici Sloveniji, partneri projekta FRISCO 2.3 \u00bbPrekograni\u010dno uskla\u0111eno smanjenje rizika od poplava 2.3 \u2013 strukturne mjere na slivu Drave i Kupe\u00ab okupili su se na sve\u010danostima zavr\u0161etka gradnje mjera za\u0161tite od poplava uz rijeku Kupu. Zajedno s predstavnicima lokalnih zajednica, zainteresiranim stru\u010dnim organizacijama i javno\u0161\u0107u, slu\u017ebeno su otvorili dva objekta za za\u0161titu od poplava i predali ih u svrhu\u00a0 na rijeci Kupi s obje strane granice. Na zavr\u0161noj konferenciji projekta FRISCO 2.3, koja je uslijedila u slovenskoj Petrini, partneri na projektu detaljno su predstavili tijek projekta i gra\u0111evinske mjere, razgovarali o rezultatima rada i budu\u0107im izazovima, te su tako uspje\u0161no zavr\u0161ili projekt.<\/strong><\/p>\n<h5><\/h5>\n<p>Predstavnici slovenskih i hrvatskih partnera na projektu \u2013 vode\u0107i partner Hrvatske vode i partner na projektu Direkcija Republike Slovenije za vode \u2013 govorili su o va\u017enosti projekta FRISCO 2.3 i objektima za sveobuhvatnu za\u0161titu grani\u010dnog podru\u010dja rijeke Kupe i provedenim aktivnostima. Osim prezentacija izgra\u0111enih objekata, pohvalili su i u\u010dinkovitost me\u0111udr\u017eavne suradnje. Investicije su u ime lokalne zajednice, s povjerenjem u ve\u0107u sigurnost od poplava, preuzeli gradona\u010delnica grada Delnica i na\u010delnik op\u0107ine Kostel. Kasnije su prisutni sudjelovali u Petrini, u slovenskoj op\u0107ini Kostel, na zavr\u0161noj konferenciji projekta FRISCO 2.3.<\/p>\n<h5><\/h5>\n<p>Projekt FRISCO 2.3 proveo je strukturne gra\u0111evinske mjere za smanjenje rizika od poplava u slivu rijeke Kupe: ure\u0111enjem lijeve obale rijeke Kupe u naselju Ku\u017eelj na slovenskoj strani, te izgradnjom za\u0161titnog zida uz desnu obalu Kupe na hrvatskoj strani rijeke u naselju Hrvatsko. Obje mjere pru\u017eaju sveobuhvatnu za\u0161titu stanovnicima oba naselja i okolice od opasnosti od poplava te pobolj\u0161avaju \u017eivotne uvjete, upravljanje i za\u0161titu okoli\u0161a. Ukupna vrijednost projekta u slivu rijeke Drave i Kupe iznosi 3.339.872,78 EUR, od \u010dega 85% sufinancira Europska unija iz Europskog fonda za regionalni razvoj (ERDF), a 15% projektni partneri iz vlastitih sredstava.<\/p>\n<h5><\/h5>\n<p>Radovi u Hrvatskom, na podru\u010dju Delnica, uklju\u010divali su izgradnju zida za za\u0161titu od poplava na desnoj obali rijeke Kupe, oko 100 metara uzvodno od postoje\u0107eg zida, \u0161to \u0107e pobolj\u0161ati za\u0161titu naselja Hrvatsko protiv poplava. Radovi u naselju Ku\u017eelj, sa slovenske strane granice, uklju\u010divali su ure\u0111enje lijeve obale rijeke Kupe s rekonstrukcijom postoje\u0107e za\u0161tite od poplava lijeve obale rijeke Kupe i time za\u0161titu naselja Ku\u017eelj protiv poplava. Dotrajalo osiguranje obale zamijenjeno je ili dopunjeno novim zidom od kamena u betonu i protupoplavnom nasipom. Most i stepenice za\u0161ti\u0107eni su od poplava privremenim aluminijskim letvicama, koje se postavljaju u slu\u010daju poplave, a kasnije se uklanjaju i pohranjuju.<\/p>\n<h5><\/h5>\n<p>Na zavr\u0161noj konferenciji projekta FRISCO 2.3 koja se odr\u017eala u Poslovnom inkubatoru Kolpa \u2013 Ku\u017eelj, partneri na projektu i dionici sa\u017eeli su ciljeve postavljene prije gotovo tri godine i pregledali postignute rezultate. Slo\u017eili su se, da je svrha projekta FRISCO 2.3 prekograni\u010dno smanjenje rizika od poplava u slivu Drave i Kupe, kroz provedbu \u010detiri gra\u0111evinske mjere za upravljanje rizicima od poplava, postignuta u zadanim rokovima i opsegu. Na rijeci Dravi, na desnoj obali, u blizini Male vasi, u Republici Sloveniji, izgra\u0111en je novi rukavac i odlagali\u0161te stijena, a u blizini naselja Otok Virje-Brezje, u Republici Hrvatskoj, rekonstruiran je nasip za obranu od velikih voda. Na rijeci Kupi, u naselju Ku\u017eelj, na podru\u010dju Republike Slovenije, ure\u0111ena je lijeva obala rijeke Kupe, a na podru\u010dju naselja Hrvatsko, u Republici Hrvatskoj, sagra\u0111en je za\u0161titni zid na desnoj obali rijeke Kupe. Partneri su zaklju\u010dili da prekograni\u010dna suradnja izme\u0111u Hrvatske i Slovenije promi\u010de odr\u017eivo, sigurno i vitalno grani\u010dno podru\u010dje, uz o\u010duvanje, mobiliziranje i upravljanje prirodnim i kulturnim resursima u korist ljudi koji \u017eive, rade ili samo posje\u0107uju podru\u010dje rijeke Drave i Kupe. S obzirom na to, da je FRISCO 2.3 posljednji od \u010detiri strate\u0161ka projekta u okviru INTERREG V-A Programa suradnje Slovenije i Hrvatske 2014.-2020., sudionici su razgovarali i o mogu\u0107nostima projektne suradnje u budu\u0107nosti, budu\u0107i da ima izazova, vezanih uz smanjenje rizika od poplava s obje strane granica, puno vi\u0161e.<\/p>\n<h5><\/h5>\n<p><strong>Vanja Ra\u010dki, Hrvatske vode, voditelj projekta Hrvatsko<\/strong>, u svom obra\u0107anju u Hrvatskom i na zavr\u0161noj konferenciji, istaknuo je va\u017enost ulaganja u protuvpoplavnu infrastrukturu i zajedni\u010dku stru\u010dnu suradnju u njezinoj izgradnji:\u00a0<em>\u201eSudjelovanje sa Direkcijom Republike Slovenije za vode bilo je izvrsno i usredoto\u010deno na rezultate koje vidimo pred sobom danas. Mjere na Kupi su izgra\u0111ene i dovr\u0161ene. Tijekom tog vremena nau\u010dili smo kako zajedno stvarati rezultate i tako pomagati ljudima, zajednicama i prirodi.\u201d<\/em><\/p>\n<h5><\/h5>\n<p><strong>Tone Cezar, Direkcija Republike Slovenije za vode, voditelj projekta Ku\u017eelj<\/strong>, rekao je na predstavljanju mjera smanjenja rizika od poplava u Ku\u017eelju i na zavr\u0161noj konferenciji, da su takvi projekti iznimno va\u017eni za obje zemlje, posebno za okolno stanovni\u0161tvo, jer rijeka Kupa sna\u017eno utje\u010de na njihov svakodnevni \u017eivot:\u00a0<em>\u201eIzgradnjom mjera s obje strane granice, sveobuhvatno smo za\u0161titili okolne stanovnike i imovinu od opasnosti od poplava, pobolj\u0161ali uvjete \u017eivota i rada te za\u0161titili okoli\u0161. Hvala timu na u\u010dinkovitom radu i marljivosti unato\u010d uvjetima koje je stvorila pandemija.<\/em>\u201d<\/p>\n<h5><\/h5>\n<p><strong>Mojca Luk\u0161i\u0107, Hrvatske vode, voditeljica projekta FRISCO 2.3<\/strong>, naglasila je u zaklju\u010dku zavr\u0161ne konferencije:\u00a0<em>\u201eNapravili smo mnogo posla, va\u017enog kako za okolne stanovnike, tako i za prirodno stani\u0161te. Drago mi je, da su svi gra\u0111evinski radovi zavr\u0161eni, a infrastruktura ve\u0107 ispunjava svoju svrhu. Suradnja s Direkcijom Republike Slovenije za vode na projektima FRISCO, koja traje od 2016. godine, polako se privodi kraju na \u010detvrtom projektu. Izgra\u0111ene su i dovr\u0161ene mjere na Dravi i Kupi. Tijekom tog vremena nau\u010dili smo kako zajedno stvarati rezultate, pa vjerujem i u budu\u0107u suradnju. Izazova ima jo\u0161 mnogo.\u201d<\/em><\/p>\n<h5><\/h5>\n<p><strong>Katarina Mihel\u010di\u0107, gradona\u010delnica grada Delnica<\/strong>\u00a0i\u00a0<strong>Ivan \u010crnkovi\u010d, na\u010delnik op\u0107ine Kostel<\/strong>, na simboli\u010dnom preuzimanju objekata u Hrvatskom i u Ku\u017eelju, izrazili su zadovoljstvo novim ulaganjem u sigurnost i za\u0161titu okoli\u0161a u op\u0107inama te pohvalili suradnju s investitorima. Tako\u0111er su za\u017eeljeli budu\u0107u suradnju u upravljanju i reguliranju pitanja poplava, jer u obje op\u0107ine ne nedostaje izazova vezanih za rijeku Kupu.<\/p>\n<h4><span style=\"color: #ffffff;\">.<\/span><\/h4>\n<\/div><\/section>\n\n<style type=\"text\/css\" data-created_by=\"avia_inline_auto\" id=\"style-css-av-av_gallery-a87bb78fe88f852748721671ba65f1e9\">\n#top .avia-gallery.av-av_gallery-a87bb78fe88f852748721671ba65f1e9 .avia-gallery-thumb a{\nwidth:20%;\n}\n<\/style>\n<div  class='avia-gallery av-av_gallery-a87bb78fe88f852748721671ba65f1e9 avia_animate_when_visible  avia-builder-el-1  el_after_av_textblock  avia-builder-el-last  avia_lazyload avia-gallery-animate avia-gallery-1'  itemprop=\"image\" itemscope=\"itemscope\" itemtype=\"https:\/\/schema.org\/ImageObject\" ><div class='avia-gallery-thumb'> <a href=\"http:\/\/www.si-hr.eu\/hr2\/wp-content\/uploads\/sites\/13\/2021\/09\/Kolpa2-1030x773.jpeg\" data-srcset=\"http:\/\/www.si-hr.eu\/hr2\/wp-content\/uploads\/sites\/13\/2021\/09\/Kolpa2-1030x773.jpeg 1030w, http:\/\/www.si-hr.eu\/hr2\/wp-content\/uploads\/sites\/13\/2021\/09\/Kolpa2-300x225.jpeg 300w, http:\/\/www.si-hr.eu\/hr2\/wp-content\/uploads\/sites\/13\/2021\/09\/Kolpa2-768x576.jpeg 768w, http:\/\/www.si-hr.eu\/hr2\/wp-content\/uploads\/sites\/13\/2021\/09\/Kolpa2-600x450.jpeg 600w, http:\/\/www.si-hr.eu\/hr2\/wp-content\/uploads\/sites\/13\/2021\/09\/Kolpa2-1500x1125.jpeg 1500w, http:\/\/www.si-hr.eu\/hr2\/wp-content\/uploads\/sites\/13\/2021\/09\/Kolpa2-705x529.jpeg 705w, http:\/\/www.si-hr.eu\/hr2\/wp-content\/uploads\/sites\/13\/2021\/09\/Kolpa2-450x338.jpeg 450w\" data-sizes=\"(max-width: 1030px) 100vw, 1030px\" data-rel='gallery-1' data-prev-img='http:\/\/www.si-hr.eu\/hr2\/wp-content\/uploads\/sites\/13\/2021\/09\/Kolpa2-495x400.jpeg' class='first_thumb lightbox ' data-onclick='1' title='Kolpa2'  itemprop=\"thumbnailUrl\"  ><img decoding=\"async\" class=\"wp-image-4896 avia-img-lazy-loading-not-4896\"   src=\"http:\/\/www.si-hr.eu\/hr2\/wp-content\/uploads\/sites\/13\/2021\/09\/Kolpa2-495x400.jpeg\" width=\"495\" height=\"400\"  title='Kolpa2' alt='' srcset=\"http:\/\/www.si-hr.eu\/hr2\/wp-content\/uploads\/sites\/13\/2021\/09\/Kolpa2-495x400.jpeg 495w, http:\/\/www.si-hr.eu\/hr2\/wp-content\/uploads\/sites\/13\/2021\/09\/Kolpa2-845x684.jpeg 845w\" sizes=\"(max-width: 495px) 100vw, 495px\" \/><\/a> <a href=\"http:\/\/www.si-hr.eu\/hr2\/wp-content\/uploads\/sites\/13\/2021\/09\/Kolpa1-1030x579.jpg\" data-srcset=\"http:\/\/www.si-hr.eu\/hr2\/wp-content\/uploads\/sites\/13\/2021\/09\/Kolpa1-1030x579.jpg 1030w, http:\/\/www.si-hr.eu\/hr2\/wp-content\/uploads\/sites\/13\/2021\/09\/Kolpa1-300x169.jpg 300w, http:\/\/www.si-hr.eu\/hr2\/wp-content\/uploads\/sites\/13\/2021\/09\/Kolpa1-768x432.jpg 768w, http:\/\/www.si-hr.eu\/hr2\/wp-content\/uploads\/sites\/13\/2021\/09\/Kolpa1-600x338.jpg 600w, http:\/\/www.si-hr.eu\/hr2\/wp-content\/uploads\/sites\/13\/2021\/09\/Kolpa1-1500x844.jpg 1500w, http:\/\/www.si-hr.eu\/hr2\/wp-content\/uploads\/sites\/13\/2021\/09\/Kolpa1-705x397.jpg 705w, http:\/\/www.si-hr.eu\/hr2\/wp-content\/uploads\/sites\/13\/2021\/09\/Kolpa1-450x253.jpg 450w, http:\/\/www.si-hr.eu\/hr2\/wp-content\/uploads\/sites\/13\/2021\/09\/Kolpa1.jpg 1920w\" data-sizes=\"(max-width: 1030px) 100vw, 1030px\" data-rel='gallery-1' data-prev-img='http:\/\/www.si-hr.eu\/hr2\/wp-content\/uploads\/sites\/13\/2021\/09\/Kolpa1-495x400.jpg' class='lightbox ' data-onclick='2' title='Kolpa1'  itemprop=\"thumbnailUrl\"  ><img decoding=\"async\" class=\"wp-image-4897 avia-img-lazy-loading-not-4897\"   src=\"http:\/\/www.si-hr.eu\/hr2\/wp-content\/uploads\/sites\/13\/2021\/09\/Kolpa1-495x400.jpg\" width=\"495\" height=\"400\"  title='Kolpa1' alt='' srcset=\"http:\/\/www.si-hr.eu\/hr2\/wp-content\/uploads\/sites\/13\/2021\/09\/Kolpa1-495x400.jpg 495w, http:\/\/www.si-hr.eu\/hr2\/wp-content\/uploads\/sites\/13\/2021\/09\/Kolpa1-845x684.jpg 845w\" sizes=\"(max-width: 495px) 100vw, 495px\" \/><\/a> <a href=\"http:\/\/www.si-hr.eu\/hr2\/wp-content\/uploads\/sites\/13\/2021\/09\/Kolpa3-e1632918334483-773x1030.jpeg\" data-srcset=\"http:\/\/www.si-hr.eu\/hr2\/wp-content\/uploads\/sites\/13\/2021\/09\/Kolpa3-e1632918334483-773x1030.jpeg 773w, http:\/\/www.si-hr.eu\/hr2\/wp-content\/uploads\/sites\/13\/2021\/09\/Kolpa3-e1632918334483-225x300.jpeg 225w, http:\/\/www.si-hr.eu\/hr2\/wp-content\/uploads\/sites\/13\/2021\/09\/Kolpa3-e1632918334483-768x1024.jpeg 768w, http:\/\/www.si-hr.eu\/hr2\/wp-content\/uploads\/sites\/13\/2021\/09\/Kolpa3-e1632918334483-600x800.jpeg 600w, http:\/\/www.si-hr.eu\/hr2\/wp-content\/uploads\/sites\/13\/2021\/09\/Kolpa3-e1632918334483-1125x1500.jpeg 1125w, http:\/\/www.si-hr.eu\/hr2\/wp-content\/uploads\/sites\/13\/2021\/09\/Kolpa3-e1632918334483-529x705.jpeg 529w, http:\/\/www.si-hr.eu\/hr2\/wp-content\/uploads\/sites\/13\/2021\/09\/Kolpa3-e1632918334483-450x600.jpeg 450w\" data-sizes=\"(max-width: 773px) 100vw, 773px\" data-rel='gallery-1' data-prev-img='http:\/\/www.si-hr.eu\/hr2\/wp-content\/uploads\/sites\/13\/2021\/09\/Kolpa3-e1632918334483-495x400.jpeg' class='lightbox ' data-onclick='3' title='Kolpa3'  itemprop=\"thumbnailUrl\"  ><img decoding=\"async\" class=\"wp-image-4898 avia-img-lazy-loading-not-4898\"   src=\"http:\/\/www.si-hr.eu\/hr2\/wp-content\/uploads\/sites\/13\/2021\/09\/Kolpa3-e1632918334483-495x400.jpeg\" width=\"495\" height=\"400\"  title='Kolpa3' alt='' srcset=\"http:\/\/www.si-hr.eu\/hr2\/wp-content\/uploads\/sites\/13\/2021\/09\/Kolpa3-e1632918334483-495x400.jpeg 495w, http:\/\/www.si-hr.eu\/hr2\/wp-content\/uploads\/sites\/13\/2021\/09\/Kolpa3-e1632918334483-845x684.jpeg 845w\" sizes=\"(max-width: 495px) 100vw, 495px\" \/><\/a><\/div><\/div>\n","protected":false},"excerpt":{"rendered":"<p>U naselju Hrvatsko u Republici Hrvatskoj i u obli\u017enjem naselju Ku\u017eelj u Republici Sloveniji, partneri projekta FRISCO 2.3 \u00bbPrekograni\u010dno uskla\u0111eno&#8230;<\/p>\n","protected":false},"author":18,"featured_media":4896,"comment_status":"closed","ping_status":"open","sticky":false,"template":"","format":"standard","meta":{"ngg_post_thumbnail":0},"categories":[4],"tags":[],"acf":[],"_links":{"self":[{"href":"http:\/\/www.si-hr.eu\/hr2\/wp-json\/wp\/v2\/posts\/4895"}],"collection":[{"href":"http:\/\/www.si-hr.eu\/hr2\/wp-json\/wp\/v2\/posts"}],"about":[{"href":"http:\/\/www.si-hr.eu\/hr2\/wp-json\/wp\/v2\/types\/post"}],"author":[{"embeddable":true,"href":"http:\/\/www.si-hr.eu\/hr2\/wp-json\/wp\/v2\/users\/18"}],"replies":[{"embeddable":true,"href":"http:\/\/www.si-hr.eu\/hr2\/wp-json\/wp\/v2\/comments?post=4895"}],"version-history":[{"count":2,"href":"http:\/\/www.si-hr.eu\/hr2\/wp-json\/wp\/v2\/posts\/4895\/revisions"}],"predecessor-version":[{"id":4900,"href":"http:\/\/www.si-hr.eu\/hr2\/wp-json\/wp\/v2\/posts\/4895\/revisions\/4900"}],"wp:featuredmedia":[{"embeddable":true,"href":"http:\/\/www.si-hr.eu\/hr2\/wp-json\/wp\/v2\/media\/4896"}],"wp:attachment":[{"href":"http:\/\/www.si-hr.eu\/hr2\/wp-json\/wp\/v2\/media?parent=4895"}],"wp:term":[{"taxonomy":"category","embeddable":true,"href":"http:\/\/www.si-hr.eu\/hr2\/wp-json\/wp\/v2\/categories?post=4895"},{"taxonomy":"post_tag","embeddable":true,"href":"http:\/\/www.si-hr.eu\/hr2\/wp-json\/wp\/v2\/tags?post=4895"}],"curies":[{"name":"wp","href":"https:\/\/api.w.org\/{rel}","templated":true}]}}