{"id":5049,"date":"2022-04-19T14:21:18","date_gmt":"2022-04-19T13:21:18","guid":{"rendered":"http:\/\/www.si-hr.eu\/hr2\/?p=5049"},"modified":"2022-07-12T09:28:31","modified_gmt":"2022-07-12T08:28:31","slug":"novi-interreg-program-si-hr-2021-2027-dostavljen-je-europskoj-komisiji","status":"publish","type":"post","link":"http:\/\/www.si-hr.eu\/hr2\/2022\/04\/19\/novi-interreg-program-si-hr-2021-2027-dostavljen-je-europskoj-komisiji\/","title":{"rendered":"Novi Interreg program SI-HR 2021.-2027. dostavljen\u00a0je Europskoj komisiji"},"content":{"rendered":"<section  class='av_textblock_section av-oiql5-22d396651de846d8dc4dd37de265b3d5'  itemscope=\"itemscope\" itemtype=\"https:\/\/schema.org\/BlogPosting\" itemprop=\"blogPost\" ><div class='avia_textblock'  itemprop=\"text\" ><h3 style=\"text-align: center;\"><strong>Novi Interreg program <\/strong><strong>SI-HR 2021.-2027. <\/strong><strong>dostavljen je Europskoj komisiji<\/strong><\/h3>\n<h3><span style=\"color: #ffffff;\">.<\/span><\/h3>\n<p>U pripremi programa Interreg Slovenija &#8211; Hrvatska 2021.-2027. postignuta je va\u017ena prekretnica. Posljednjeg tjedna o\u017eujka je Radna skupina za programiranje odobrila kona\u010dni nacrt Interreg programa (IP) Slovenija \u2013 Hrvatska (SI-HR) za programsko razdoblje 2021.-2027. \u010celnici resornih ministarstava, u ime predstavnika dviju partnerskih zemalja Slovenije i Hrvatske potpisali su sporazum o partnerstvu.<\/p>\n<h6>&nbsp;<\/h6>\n<p><strong>Dana 31. o\u017eujka 2022., kona\u010dni nacrt Interreg programa SI-HR 2021.-2027. <\/strong><strong>dostavljen je Europskoj komisiji (EK) na odobrenje. Predvi\u0111eno je da \u0107e EK dati primjedbe u roku od tri mjeseca od datuma podno\u0161enja IP-a i odobriti ga najkasnije pet mjeseci nakon njegovog podno\u0161enja, pod uvjetom da su sva iznesena zapa\u017eanja na odgovaraju\u0107i na\u010din uzeta u obzir. O\u010dekujemo da \u0107e novi program stupiti na snagu po\u010detkom jeseni 2022. godine.<\/strong><\/p>\n<h6>&nbsp;<\/h6>\n<p>U me\u0111uvremenu \u0107emo pripremiti dokumente poput poziva i pripadaju\u0107e pravne osnove za provedbu projekata (priru\u010dnik o provedbi projekata za korisnike). Sa kojima \u017eelimo ostvariti viziju novog programa SI-HR 2021.-2027. i tako njenim djelovanjem doprinijeti o\u010duvanoj, otpornoj i povezanoj prekograni\u010dnoj regiji, u kojoj je odr\u017eivi razvoj prepoznat i kori\u0161ten kao klju\u010dni alat u postizanju ekonomske odr\u017eivosti, sigurnosti, za\u0161tite biolo\u0161ke raznolikosti i dru\u0161tvenog blagostanja svih populacija.<\/p>\n<h6>&nbsp;<\/h6>\n<p>Za vi\u0161e informacija o napretku programa SI-HR 2021.-2027. pratite novosti na na\u0161oj web stranici!<\/p>\n<\/div><\/section>\n<section  class='av_textblock_section av-30o589-71c788051f9112fefc4f32a2bd0653b3'  itemscope=\"itemscope\" itemtype=\"https:\/\/schema.org\/BlogPosting\" itemprop=\"blogPost\" ><div class='avia_textblock'  itemprop=\"text\" ><\/div><\/section>\n","protected":false},"excerpt":{"rendered":"<p>U pripremi programa Interreg Slovenija \u2013 Hrvatska 2021.-2027. postignuta je va\u017ena prekretnica. Posljednjeg tjedna o\u017eujka je Radna skupina za programiranje odobrila kona\u010dni nacrt Interreg programa (IP) Slovenija \u2013 Hrvatska (SI-HR) za programsko razdoblje 2021.-2027. <\/p>\n","protected":false},"author":18,"featured_media":5063,"comment_status":"closed","ping_status":"open","sticky":false,"template":"","format":"standard","meta":{"ngg_post_thumbnail":0},"categories":[3,8],"tags":[],"acf":[],"_links":{"self":[{"href":"http:\/\/www.si-hr.eu\/hr2\/wp-json\/wp\/v2\/posts\/5049"}],"collection":[{"href":"http:\/\/www.si-hr.eu\/hr2\/wp-json\/wp\/v2\/posts"}],"about":[{"href":"http:\/\/www.si-hr.eu\/hr2\/wp-json\/wp\/v2\/types\/post"}],"author":[{"embeddable":true,"href":"http:\/\/www.si-hr.eu\/hr2\/wp-json\/wp\/v2\/users\/18"}],"replies":[{"embeddable":true,"href":"http:\/\/www.si-hr.eu\/hr2\/wp-json\/wp\/v2\/comments?post=5049"}],"version-history":[{"count":6,"href":"http:\/\/www.si-hr.eu\/hr2\/wp-json\/wp\/v2\/posts\/5049\/revisions"}],"predecessor-version":[{"id":5130,"href":"http:\/\/www.si-hr.eu\/hr2\/wp-json\/wp\/v2\/posts\/5049\/revisions\/5130"}],"wp:featuredmedia":[{"embeddable":true,"href":"http:\/\/www.si-hr.eu\/hr2\/wp-json\/wp\/v2\/media\/5063"}],"wp:attachment":[{"href":"http:\/\/www.si-hr.eu\/hr2\/wp-json\/wp\/v2\/media?parent=5049"}],"wp:term":[{"taxonomy":"category","embeddable":true,"href":"http:\/\/www.si-hr.eu\/hr2\/wp-json\/wp\/v2\/categories?post=5049"},{"taxonomy":"post_tag","embeddable":true,"href":"http:\/\/www.si-hr.eu\/hr2\/wp-json\/wp\/v2\/tags?post=5049"}],"curies":[{"name":"wp","href":"https:\/\/api.w.org\/{rel}","templated":true}]}}