{"id":881,"date":"2016-09-05T13:54:37","date_gmt":"2016-09-05T12:54:37","guid":{"rendered":"http:\/\/84.39.218.255\/hr2\/?p=881"},"modified":"2016-09-08T07:44:19","modified_gmt":"2016-09-08T06:44:19","slug":"2-rok-za-podnosenje-projektnih-prijava-i-manje-izmjene-natjecajne-dokumentacije","status":"publish","type":"post","link":"http:\/\/www.si-hr.eu\/hr2\/2016\/09\/05\/2-rok-za-podnosenje-projektnih-prijava-i-manje-izmjene-natjecajne-dokumentacije\/","title":{"rendered":"2. rok za podno\u0161enje projektnih prijava i manje izmjene natje\u010dajne dokumentacije"},"content":{"rendered":"<p>Program suradnje Interreg V-A Slovenija-Hrvatska se izvodi na osnovi otvorenog javnog poziva, \u0161to zna\u010di da kao prijavitelji mo\u017eete prijave neprekidno podnositi od objave poziva pa sve dok postoje raspolo\u017eiva sredstva.<\/p>\n<p><strong>Drugi rok za podno\u0161enja prijava u okviru programa zatvorit \u0107e se 14. studenog 2016. godine u 12\u00a0(CET) sati.<\/strong><\/p>\n<p>Tako\u0111er Vas obavje\u0161tavamo da smo objavili manje izmjene natje\u010dajne dokumentacije i korigendum u kojem su te izmjene opisane.<\/p>\n<p>Vezano uz izmjene natje\u010dajne dokumentacije, napominjemo kako nije mijenjan sadr\u017eaj dokumenata ve\u0107 su dana dodatna poja\u0161njenja i napravljeni manji popravci s kojima \u017eelimo pobolj\u0161ati razumijevanje programskih pravila i prijaviteljima olak\u0161ati pripremu i prijavu projekata.<\/p>\n<p>Otvoreni poziv i natje\u010dajna dokumentacija su dostupni na <a href=\"http:\/\/84.39.218.255\/hr2\/javni-razpis\/trajno-otvoreni-poziv-na-dostavu-projekata\/\" target=\"_blank\">mre\u017enoj stranici programa<\/a>.<\/p>\n","protected":false},"excerpt":{"rendered":"<p>Drugi rok za podno\u0161enja prijava u okviru programa zatvorit \u0107e se 14. studenog 2016. godine u 12 sati.<br \/>\nTako\u0111er Vas obavje\u0161tavamo da smo objavili manje izmjene natje\u010dajne dokumentacije i korigendum.<\/p>\n","protected":false},"author":3,"featured_media":703,"comment_status":"closed","ping_status":"open","sticky":false,"template":"","format":"standard","meta":{"ngg_post_thumbnail":0},"categories":[3,8],"tags":[],"acf":[],"_links":{"self":[{"href":"http:\/\/www.si-hr.eu\/hr2\/wp-json\/wp\/v2\/posts\/881"}],"collection":[{"href":"http:\/\/www.si-hr.eu\/hr2\/wp-json\/wp\/v2\/posts"}],"about":[{"href":"http:\/\/www.si-hr.eu\/hr2\/wp-json\/wp\/v2\/types\/post"}],"author":[{"embeddable":true,"href":"http:\/\/www.si-hr.eu\/hr2\/wp-json\/wp\/v2\/users\/3"}],"replies":[{"embeddable":true,"href":"http:\/\/www.si-hr.eu\/hr2\/wp-json\/wp\/v2\/comments?post=881"}],"version-history":[{"count":2,"href":"http:\/\/www.si-hr.eu\/hr2\/wp-json\/wp\/v2\/posts\/881\/revisions"}],"predecessor-version":[{"id":884,"href":"http:\/\/www.si-hr.eu\/hr2\/wp-json\/wp\/v2\/posts\/881\/revisions\/884"}],"wp:featuredmedia":[{"embeddable":true,"href":"http:\/\/www.si-hr.eu\/hr2\/wp-json\/wp\/v2\/media\/703"}],"wp:attachment":[{"href":"http:\/\/www.si-hr.eu\/hr2\/wp-json\/wp\/v2\/media?parent=881"}],"wp:term":[{"taxonomy":"category","embeddable":true,"href":"http:\/\/www.si-hr.eu\/hr2\/wp-json\/wp\/v2\/categories?post=881"},{"taxonomy":"post_tag","embeddable":true,"href":"http:\/\/www.si-hr.eu\/hr2\/wp-json\/wp\/v2\/tags?post=881"}],"curies":[{"name":"wp","href":"https:\/\/api.w.org\/{rel}","templated":true}]}}