{"id":924,"date":"2016-09-22T07:18:52","date_gmt":"2016-09-22T06:18:52","guid":{"rendered":"http:\/\/84.39.218.255\/hr2\/?p=924"},"modified":"2016-09-22T07:18:52","modified_gmt":"2016-09-22T06:18:52","slug":"objava-javnog-natjecaja-za-popunjavanje-slobodnog-radnog-mjesta-u-okviru-zajednickog-tajnistva-ps-slovenija-hrvatska-2014-2020-u-buzetu-2","status":"publish","type":"post","link":"http:\/\/www.si-hr.eu\/hr2\/2016\/09\/22\/objava-javnog-natjecaja-za-popunjavanje-slobodnog-radnog-mjesta-u-okviru-zajednickog-tajnistva-ps-slovenija-hrvatska-2014-2020-u-buzetu-2\/","title":{"rendered":"Objava javnog natje\u010daja za popunjavanje slobodnog radnog mjesta u okviru Zajedni\u010dkog tajni\u0161tva PS Slovenija \u2013 Hrvatska 2014-2020 u Buzetu"},"content":{"rendered":"<p>Agencija za regionalni razvoj Republike Hrvatske objavila je javni natje\u010daj za popunjavanje slobodnog radnog mjesta u okviru Zajedni\u010dkog tajni\u0161tva PS Slovenija-Hrvatska 2014-2020 za podru\u017enicu u Buzetu.<\/p>\n<p><a href=\"http:\/\/84.39.218.255\/hr2\/wp-content\/uploads\/sites\/13\/2016\/09\/Javni_natjecaj_Buzet.pdf\" target=\"_blank\">Javni natje\u010daj Buzet<\/a><\/p>\n<p>&nbsp;<\/p>\n","protected":false},"excerpt":{"rendered":"<p>Agencija za regionalni razvoj Republike Hrvatske objavila je javni natje\u010daj za popunjavanje slobodnog radnog mjesta u okviru Zajedni\u010dkog tajni\u0161tva PS Slovenija-Hrvatska 2014-2020 za podru\u017enicu u Buzetu.<\/p>\n","protected":false},"author":3,"featured_media":703,"comment_status":"closed","ping_status":"open","sticky":false,"template":"","format":"standard","meta":{"ngg_post_thumbnail":0},"categories":[3,8],"tags":[],"acf":[],"_links":{"self":[{"href":"http:\/\/www.si-hr.eu\/hr2\/wp-json\/wp\/v2\/posts\/924"}],"collection":[{"href":"http:\/\/www.si-hr.eu\/hr2\/wp-json\/wp\/v2\/posts"}],"about":[{"href":"http:\/\/www.si-hr.eu\/hr2\/wp-json\/wp\/v2\/types\/post"}],"author":[{"embeddable":true,"href":"http:\/\/www.si-hr.eu\/hr2\/wp-json\/wp\/v2\/users\/3"}],"replies":[{"embeddable":true,"href":"http:\/\/www.si-hr.eu\/hr2\/wp-json\/wp\/v2\/comments?post=924"}],"version-history":[{"count":1,"href":"http:\/\/www.si-hr.eu\/hr2\/wp-json\/wp\/v2\/posts\/924\/revisions"}],"predecessor-version":[{"id":926,"href":"http:\/\/www.si-hr.eu\/hr2\/wp-json\/wp\/v2\/posts\/924\/revisions\/926"}],"wp:featuredmedia":[{"embeddable":true,"href":"http:\/\/www.si-hr.eu\/hr2\/wp-json\/wp\/v2\/media\/703"}],"wp:attachment":[{"href":"http:\/\/www.si-hr.eu\/hr2\/wp-json\/wp\/v2\/media?parent=924"}],"wp:term":[{"taxonomy":"category","embeddable":true,"href":"http:\/\/www.si-hr.eu\/hr2\/wp-json\/wp\/v2\/categories?post=924"},{"taxonomy":"post_tag","embeddable":true,"href":"http:\/\/www.si-hr.eu\/hr2\/wp-json\/wp\/v2\/tags?post=924"}],"curies":[{"name":"wp","href":"https:\/\/api.w.org\/{rel}","templated":true}]}}