{"id":3105,"date":"2013-08-26T11:54:00","date_gmt":"2013-08-26T10:54:00","guid":{"rendered":"http:\/\/84.39.218.255\/wp-content\/uploads\/2015\/09\/blog\/obvestilo-o-selitvi-na-novo-lokacijo\/"},"modified":"2015-09-20T18:43:15","modified_gmt":"2015-09-20T17:43:15","slug":"obvestilo-o-selitvi-na-novo-lokacijo","status":"publish","type":"post","link":"http:\/\/www.si-hr.eu\/si\/blog\/obvestilo-o-selitvi-na-novo-lokacijo\/","title":{"rendered":"OBVESTILO O SELITVI NA NOVO LOKACIJO"},"content":{"rendered":"<p>Spo\u0161tovani!  Obve\u0161\u010damo Vas, da se je Direktorat za regionalni razvoj in evropsko teritorialno sodelovanje (Organ upravljanja, Skupni tehni\u010dni sekretariat, Nacionalni organ in Nacionalni kontrolorji)  preselil na novo lokacijo: <b>Kotnikova 5, 1000 Ljubljana<\/b>.  Vsa uradna komunikacija naj se po\u0161ilja na novi naslov.  Skupni tehni\u010dni sekretariat OP IPA Slovenija-Hrva\u0161ka<\/p>\n","protected":false},"excerpt":{"rendered":"<p><b>OBVESTILO O SELITVI NA NOVO LOKACIJO<\/b><\/p>\n","protected":false},"author":1,"featured_media":0,"comment_status":"open","ping_status":"open","sticky":false,"template":"","format":"standard","meta":{"ngg_post_thumbnail":0},"categories":[8],"tags":[],"acf":[],"_links":{"self":[{"href":"http:\/\/www.si-hr.eu\/si\/wp-json\/wp\/v2\/posts\/3105"}],"collection":[{"href":"http:\/\/www.si-hr.eu\/si\/wp-json\/wp\/v2\/posts"}],"about":[{"href":"http:\/\/www.si-hr.eu\/si\/wp-json\/wp\/v2\/types\/post"}],"author":[{"embeddable":true,"href":"http:\/\/www.si-hr.eu\/si\/wp-json\/wp\/v2\/users\/1"}],"replies":[{"embeddable":true,"href":"http:\/\/www.si-hr.eu\/si\/wp-json\/wp\/v2\/comments?post=3105"}],"version-history":[{"count":1,"href":"http:\/\/www.si-hr.eu\/si\/wp-json\/wp\/v2\/posts\/3105\/revisions"}],"predecessor-version":[{"id":3127,"href":"http:\/\/www.si-hr.eu\/si\/wp-json\/wp\/v2\/posts\/3105\/revisions\/3127"}],"wp:attachment":[{"href":"http:\/\/www.si-hr.eu\/si\/wp-json\/wp\/v2\/media?parent=3105"}],"wp:term":[{"taxonomy":"category","embeddable":true,"href":"http:\/\/www.si-hr.eu\/si\/wp-json\/wp\/v2\/categories?post=3105"},{"taxonomy":"post_tag","embeddable":true,"href":"http:\/\/www.si-hr.eu\/si\/wp-json\/wp\/v2\/tags?post=3105"}],"curies":[{"name":"wp","href":"https:\/\/api.w.org\/{rel}","templated":true}]}}