{"id":3117,"date":"2012-02-27T14:33:00","date_gmt":"2012-02-27T13:33:00","guid":{"rendered":"http:\/\/84.39.218.255\/wp-content\/uploads\/2015\/09\/blog\/obvestilo-o-ukinitvi-sluzbe-vlade-rs-za-lokalno-samoupravo-in-regionalno-politiko\/"},"modified":"2012-02-27T14:33:00","modified_gmt":"2012-02-27T13:33:00","slug":"obvestilo-o-ukinitvi-sluzbe-vlade-rs-za-lokalno-samoupravo-in-regionalno-politiko","status":"publish","type":"post","link":"http:\/\/www.si-hr.eu\/si\/blog\/obvestilo-o-ukinitvi-sluzbe-vlade-rs-za-lokalno-samoupravo-in-regionalno-politiko\/","title":{"rendered":"Obvestilo o ukinitvi Slu\u017ebe Vlade RS za lokalno samoupravo in regionalno politiko"},"content":{"rendered":"<p>V skladu z dolo\u010dili Zakona o Vladi Republike Slovenije (ZVRS-F) se Slu\u017eba Vlade RS za lokalno samoupravo in regionalno politiko (SVLR) ukine. Delovno podro\u010dje evropske kohezijske politike in regionalnega prehaja v resorno pristojnost Ministrstva za gospodarski razvoj in tehnologijo.<\/p>\n","protected":false},"excerpt":{"rendered":"<p>V skladu z dolo\u010dili Zakona o Vladi Republike Slovenije (ZVRS-F) se Slu\u017eba Vlade RS za lokalno samoupravo in regionalno politiko (SVLR) ukine. Delovno podro\u010dje evropske kohezijske politike in regionalnega razvoja prehaja v resorno pristojnost Ministrstva za gospodarski razvoj in tehnologijo.<\/p>\n","protected":false},"author":1,"featured_media":0,"comment_status":"open","ping_status":"open","sticky":false,"template":"","format":"standard","meta":{"ngg_post_thumbnail":0},"categories":[8],"tags":[],"acf":[],"_links":{"self":[{"href":"http:\/\/www.si-hr.eu\/si\/wp-json\/wp\/v2\/posts\/3117"}],"collection":[{"href":"http:\/\/www.si-hr.eu\/si\/wp-json\/wp\/v2\/posts"}],"about":[{"href":"http:\/\/www.si-hr.eu\/si\/wp-json\/wp\/v2\/types\/post"}],"author":[{"embeddable":true,"href":"http:\/\/www.si-hr.eu\/si\/wp-json\/wp\/v2\/users\/1"}],"replies":[{"embeddable":true,"href":"http:\/\/www.si-hr.eu\/si\/wp-json\/wp\/v2\/comments?post=3117"}],"version-history":[{"count":0,"href":"http:\/\/www.si-hr.eu\/si\/wp-json\/wp\/v2\/posts\/3117\/revisions"}],"wp:attachment":[{"href":"http:\/\/www.si-hr.eu\/si\/wp-json\/wp\/v2\/media?parent=3117"}],"wp:term":[{"taxonomy":"category","embeddable":true,"href":"http:\/\/www.si-hr.eu\/si\/wp-json\/wp\/v2\/categories?post=3117"},{"taxonomy":"post_tag","embeddable":true,"href":"http:\/\/www.si-hr.eu\/si\/wp-json\/wp\/v2\/tags?post=3117"}],"curies":[{"name":"wp","href":"https:\/\/api.w.org\/{rel}","templated":true}]}}