{"id":3121,"date":"2012-04-06T10:34:00","date_gmt":"2012-04-06T09:34:00","guid":{"rendered":"http:\/\/84.39.218.255\/wp-content\/uploads\/2015\/09\/blog\/opozorilo-glede-oddaje-vlog-v-okviru-3-javnega-razpisa\/"},"modified":"2012-04-06T10:34:00","modified_gmt":"2012-04-06T09:34:00","slug":"opozorilo-glede-oddaje-vlog-v-okviru-3-javnega-razpisa","status":"publish","type":"post","link":"http:\/\/www.si-hr.eu\/si\/blog\/opozorilo-glede-oddaje-vlog-v-okviru-3-javnega-razpisa\/","title":{"rendered":"Opozorilo glede oddaje vlog v okviru 3. javnega razpisa"},"content":{"rendered":"<p>Rok za prejem vlog v okviru 3.  javnega razpisa OP IPA SI-HR je <b>16.4.2012 do 15.30 ure <\/b>na naslednji naslov: <b>Skupni tehni\u010dni sekretariat Slovenija-Hrva\u0161ka 2007-2013 Slu\u017eba Vlade RS za lokalno samoupravo in regionalno politiko Sektor za upravljanje \u010dezmejnih programov Dunajska cesta 58  SI-1000 Ljubljana<\/b><\/p>\n","protected":false},"excerpt":{"rendered":"<p>Rok za prejem vlog v okviru 3.  javnega razpisa OP IPA SI-HR je <b>16.4.2012 do 15.30 ure <\/b>na naslednji naslov:<br \/>\n<b>Skupni tehni\u010dni sekretariat Slovenija-Hrva\u0161ka 2007-2013<br \/>\nSlu\u017eba Vlade RS za lokalno samoupravo in regionalno politiko<br \/>\nSektor za upravljanje \u010dezmejnih programov<br \/>\nDunajska cesta 58<br \/>\nSI-1000 Ljubljana<\/b><\/p>\n","protected":false},"author":1,"featured_media":0,"comment_status":"open","ping_status":"open","sticky":false,"template":"","format":"standard","meta":{"ngg_post_thumbnail":0},"categories":[8],"tags":[],"acf":[],"_links":{"self":[{"href":"http:\/\/www.si-hr.eu\/si\/wp-json\/wp\/v2\/posts\/3121"}],"collection":[{"href":"http:\/\/www.si-hr.eu\/si\/wp-json\/wp\/v2\/posts"}],"about":[{"href":"http:\/\/www.si-hr.eu\/si\/wp-json\/wp\/v2\/types\/post"}],"author":[{"embeddable":true,"href":"http:\/\/www.si-hr.eu\/si\/wp-json\/wp\/v2\/users\/1"}],"replies":[{"embeddable":true,"href":"http:\/\/www.si-hr.eu\/si\/wp-json\/wp\/v2\/comments?post=3121"}],"version-history":[{"count":0,"href":"http:\/\/www.si-hr.eu\/si\/wp-json\/wp\/v2\/posts\/3121\/revisions"}],"wp:attachment":[{"href":"http:\/\/www.si-hr.eu\/si\/wp-json\/wp\/v2\/media?parent=3121"}],"wp:term":[{"taxonomy":"category","embeddable":true,"href":"http:\/\/www.si-hr.eu\/si\/wp-json\/wp\/v2\/categories?post=3121"},{"taxonomy":"post_tag","embeddable":true,"href":"http:\/\/www.si-hr.eu\/si\/wp-json\/wp\/v2\/tags?post=3121"}],"curies":[{"name":"wp","href":"https:\/\/api.w.org\/{rel}","templated":true}]}}