{"id":3124,"date":"2012-08-13T09:20:00","date_gmt":"2012-08-13T08:20:00","guid":{"rendered":"http:\/\/84.39.218.255\/wp-content\/uploads\/2015\/09\/blog\/razpis-za-zaposlitev-skrbnika-pogodbe-contract-manager\/"},"modified":"2012-08-13T09:20:00","modified_gmt":"2012-08-13T08:20:00","slug":"razpis-za-zaposlitev-skrbnika-pogodbe-contract-manager","status":"publish","type":"post","link":"http:\/\/www.si-hr.eu\/si\/blog\/razpis-za-zaposlitev-skrbnika-pogodbe-contract-manager\/","title":{"rendered":"Razpis za zaposlitev skrbnika pogodbe (Contract Manager)"},"content":{"rendered":"<p>Ministrstvo za regionalni razvoj in fondove Evropske unije Republike Hrva\u0161ke je objavilo razpis za zaposlitev skrbnika pogodbe Operativnega programa IPA Slovenija-Hrva\u0161ka 2007-2013  ve\u010d: http:\/\/www.mrrfeu.hr\/default.aspx?id=1107<\/p>\n","protected":false},"excerpt":{"rendered":"<p>Ministrstvo za regionalni razvoj in fondove Evropske unije Republike Hrva\u0161ke je objavilo razpis za zaposlitev skrbnika pogodbe Operativnega programa IPA Slovenija-Hrva\u0161ka 2007-2013<\/p>\n","protected":false},"author":1,"featured_media":0,"comment_status":"open","ping_status":"open","sticky":false,"template":"","format":"standard","meta":{"ngg_post_thumbnail":0},"categories":[8],"tags":[],"acf":[],"_links":{"self":[{"href":"http:\/\/www.si-hr.eu\/si\/wp-json\/wp\/v2\/posts\/3124"}],"collection":[{"href":"http:\/\/www.si-hr.eu\/si\/wp-json\/wp\/v2\/posts"}],"about":[{"href":"http:\/\/www.si-hr.eu\/si\/wp-json\/wp\/v2\/types\/post"}],"author":[{"embeddable":true,"href":"http:\/\/www.si-hr.eu\/si\/wp-json\/wp\/v2\/users\/1"}],"replies":[{"embeddable":true,"href":"http:\/\/www.si-hr.eu\/si\/wp-json\/wp\/v2\/comments?post=3124"}],"version-history":[{"count":0,"href":"http:\/\/www.si-hr.eu\/si\/wp-json\/wp\/v2\/posts\/3124\/revisions"}],"wp:attachment":[{"href":"http:\/\/www.si-hr.eu\/si\/wp-json\/wp\/v2\/media?parent=3124"}],"wp:term":[{"taxonomy":"category","embeddable":true,"href":"http:\/\/www.si-hr.eu\/si\/wp-json\/wp\/v2\/categories?post=3124"},{"taxonomy":"post_tag","embeddable":true,"href":"http:\/\/www.si-hr.eu\/si\/wp-json\/wp\/v2\/tags?post=3124"}],"curies":[{"name":"wp","href":"https:\/\/api.w.org\/{rel}","templated":true}]}}