{"id":3125,"date":"2012-09-13T06:24:00","date_gmt":"2012-09-13T05:24:00","guid":{"rendered":"http:\/\/84.39.218.255\/wp-content\/uploads\/2015\/09\/blog\/dan-evropskega-sodelovanja-21-september-2012\/"},"modified":"2012-09-13T06:24:00","modified_gmt":"2012-09-13T05:24:00","slug":"dan-evropskega-sodelovanja-21-september-2012","status":"publish","type":"post","link":"http:\/\/www.si-hr.eu\/si\/blog\/dan-evropskega-sodelovanja-21-september-2012\/","title":{"rendered":"Dan evropskega sodelovanja &#8211; 21. september 2012"},"content":{"rendered":"<p>Dne 21. septembra 2012 bo pod okriljem Evropske komisije in programom INTERACT \u0161irom Evrope, za vse programe evropskega \u010dezmejnega sodelovanja, organiziran Dan evropskega sodelovanja, t. i. European Cooperation Day (EC Day), pod sloganom \u00bbSkupne meje nas zbli\u017eujejo\u00ab. Dogodek se bo odvijal na ve\u010d ravneh; evropski, \u010dezmejni in lokalni.   Ministrstvo za gospodarski razvoj in tehnologijo (MGRT) kot Organ upravljanja v treh programih \u010dezmejnega sodelovanja: OP Slovenija &#8211; Avstrija 2007-2013, OP Slovenija &#8211; Mad\u017earska 2007-2013 ter OP IPA Slovenija &#8211; Hrva\u0161ka 2007-2013, bo v Mariboru, na trgu Leona \u0160tuklja, na ta dan organiziralo krovni dogodek t.i. \u00bbProjektno tr\u017enico\u00ab. V okviru dogodka bodo predstavljeni vsi trije programi in posamezni projekti, ki se znotraj le-teh izvajajo.  Prav tako se bodo v \u010dasu od 17. do 22. septembra 2012 na obmo\u010dju vseh treh programov izvajali razli\u010dni lokalni dogodki, dnevi odprtih vrat, delavnice, itd. Ve\u010d informacij o posameznih lokalnih dogodkih v slovenskem jeziku objavljamo tukaj. Dogodki so v razli\u010dnih jezikih objavljeni na spletnem zemljevidu na slede\u010di povezavi: http:\/\/www.ecday.eu.  Vljudno vabljeni.   <a class=\"link_extern2\" href=\"http:\/\/www.youtube.com\/watch?feature=player_embedded\n\n<p><a href=\"http:\/\/84.39.218.255\/wp-content\/uploads\/2015\/09\/\/Vabilo ECday.pdf\">Vabilo &#8211; Dan evropskega sodelovanja 2012<\/a><br \/><a href=\"http:\/\/84.39.218.255\/wp-content\/uploads\/2015\/09\/\/Seznam lokalnih dogodkov.pdf\">Seznam lokalnih dogodkov DES 2012<\/a><br \/><a href=\"http:\/\/84.39.218.255\/wp-content\/uploads\/2015\/09\/\/Flyer.pdf\">Letak &#8211; Dan evropskega sodelovanja 2012 (v angle\u0161kem jeziku)<\/a><\/p>\n","protected":false},"excerpt":{"rendered":"<p>Dne 21. septembra 2012 bo pod okriljem Evropske komisije in programom INTERACT \u0161irom Evrope, za vse programe evropskega \u010dezmejnega sodelovanja, organiziran Dan evropskega sodelovanja, t. i. European Cooperation Day (EC Day), pod sloganom \u00bbSkupne meje nas zbli\u017eujejo\u00ab. Dogodek se bo odvijal na ve\u010d ravneh; evropski, \u010dezmejni in lokalni.<\/p>\n","protected":false},"author":1,"featured_media":0,"comment_status":"open","ping_status":"open","sticky":false,"template":"","format":"standard","meta":{"ngg_post_thumbnail":0},"categories":[8],"tags":[],"acf":[],"_links":{"self":[{"href":"http:\/\/www.si-hr.eu\/si\/wp-json\/wp\/v2\/posts\/3125"}],"collection":[{"href":"http:\/\/www.si-hr.eu\/si\/wp-json\/wp\/v2\/posts"}],"about":[{"href":"http:\/\/www.si-hr.eu\/si\/wp-json\/wp\/v2\/types\/post"}],"author":[{"embeddable":true,"href":"http:\/\/www.si-hr.eu\/si\/wp-json\/wp\/v2\/users\/1"}],"replies":[{"embeddable":true,"href":"http:\/\/www.si-hr.eu\/si\/wp-json\/wp\/v2\/comments?post=3125"}],"version-history":[{"count":0,"href":"http:\/\/www.si-hr.eu\/si\/wp-json\/wp\/v2\/posts\/3125\/revisions"}],"wp:attachment":[{"href":"http:\/\/www.si-hr.eu\/si\/wp-json\/wp\/v2\/media?parent=3125"}],"wp:term":[{"taxonomy":"category","embeddable":true,"href":"http:\/\/www.si-hr.eu\/si\/wp-json\/wp\/v2\/categories?post=3125"},{"taxonomy":"post_tag","embeddable":true,"href":"http:\/\/www.si-hr.eu\/si\/wp-json\/wp\/v2\/tags?post=3125"}],"curies":[{"name":"wp","href":"https:\/\/api.w.org\/{rel}","templated":true}]}}