{"id":3130,"date":"2013-10-15T09:34:00","date_gmt":"2013-10-15T08:34:00","guid":{"rendered":"http:\/\/84.39.218.255\/wp-content\/uploads\/2015\/09\/blog\/razpis-za-zaposlitev-informacijske-tocke\/"},"modified":"2013-10-15T09:34:00","modified_gmt":"2013-10-15T08:34:00","slug":"razpis-za-zaposlitev-informacijske-tocke","status":"publish","type":"post","link":"http:\/\/www.si-hr.eu\/si\/blog\/razpis-za-zaposlitev-informacijske-tocke\/","title":{"rendered":"Razpis za zaposlitev Informacijske to\u010dke"},"content":{"rendered":"<p>Ministrstvo za regionalni razvoj in fondove Evropske unije Republike Hrva\u0161ke je objavilo razpis za zaposlitev Informacijske to\u010dke za Operativni program IPA Slovenija &#8211; Hrva\u0161ka 2007 -2013.  ve\u010d: <a class=\"link_extern2\" href=\"http:\/\/www.mrrfeu.hr\/default.aspx?id=1685\" title=\"Objava razpisa za Informacijsko to\u010dko za OP IPA SI-HR 2007-2013\" target=\"_blank\">Objava razpisa za Informacijsko to\u010dko za OP IPA SI-HR 2007-2013<\/a><\/p>\n","protected":false},"excerpt":{"rendered":"<p>Ministrstvo za regionalni razvoj in fondove Evropske unije Republike Hrva\u0161ke je objavilo razpis za zaposlitev Informacijske to\u010dke za Operativni program IPA Slovenija &#8211; Hrva\u0161ka 2007 -2013.<\/p>\n","protected":false},"author":1,"featured_media":0,"comment_status":"open","ping_status":"open","sticky":false,"template":"","format":"standard","meta":{"ngg_post_thumbnail":0},"categories":[8],"tags":[],"acf":[],"_links":{"self":[{"href":"http:\/\/www.si-hr.eu\/si\/wp-json\/wp\/v2\/posts\/3130"}],"collection":[{"href":"http:\/\/www.si-hr.eu\/si\/wp-json\/wp\/v2\/posts"}],"about":[{"href":"http:\/\/www.si-hr.eu\/si\/wp-json\/wp\/v2\/types\/post"}],"author":[{"embeddable":true,"href":"http:\/\/www.si-hr.eu\/si\/wp-json\/wp\/v2\/users\/1"}],"replies":[{"embeddable":true,"href":"http:\/\/www.si-hr.eu\/si\/wp-json\/wp\/v2\/comments?post=3130"}],"version-history":[{"count":0,"href":"http:\/\/www.si-hr.eu\/si\/wp-json\/wp\/v2\/posts\/3130\/revisions"}],"wp:attachment":[{"href":"http:\/\/www.si-hr.eu\/si\/wp-json\/wp\/v2\/media?parent=3130"}],"wp:term":[{"taxonomy":"category","embeddable":true,"href":"http:\/\/www.si-hr.eu\/si\/wp-json\/wp\/v2\/categories?post=3130"},{"taxonomy":"post_tag","embeddable":true,"href":"http:\/\/www.si-hr.eu\/si\/wp-json\/wp\/v2\/tags?post=3130"}],"curies":[{"name":"wp","href":"https:\/\/api.w.org\/{rel}","templated":true}]}}