{"id":3132,"date":"2014-03-26T09:58:00","date_gmt":"2014-03-26T08:58:00","guid":{"rendered":"http:\/\/84.39.218.255\/wp-content\/uploads\/2015\/09\/blog\/sprememba-organa-upravljanja-za-op-si-hr-2007-2013\/"},"modified":"2014-03-26T09:58:00","modified_gmt":"2014-03-26T08:58:00","slug":"sprememba-organa-upravljanja-za-op-si-hr-2007-2013","status":"publish","type":"post","link":"http:\/\/www.si-hr.eu\/si\/blog\/sprememba-organa-upravljanja-za-op-si-hr-2007-2013\/","title":{"rendered":"Sprememba Organa upravljanja za OP SI-HR 2007-2013"},"content":{"rendered":"<p>Obve\u0161\u010damo vas, da je s prvim marca 2014 odgovornost organa upravljanja za Operativni program Slovenija &#8211; Hrva\u0161ka 2007 \u2013 2013 prevzela novoustanovljena Slu\u017eba Vlade Republike Slovenije za razvoj in evropsko kohezijsko politiko. Glede na spremembo vas prosimo, da namesto sedanjih logotipov Ministrstva za gospodarski razvoj in tehnologijo, uporabljate nove logotipe Slu\u017ebe vlade RS, ki so prilo\u017eeni temu obvestilu.<\/p>\n<p><a href=\"http:\/\/84.39.218.255\/wp-content\/uploads\/2015\/09\/\/Logotipi nove Slu\u017ebe Vlade RS_3.zip\">Logotipi nove Slu\u017ebe Vlade RS<\/a><\/p>\n","protected":false},"excerpt":{"rendered":"<p>Obve\u0161\u010damo vas, da je s prvim marca 2014 odgovornost organa upravljanja za Operativni program Slovenija &#8211; Hrva\u0161ka 2007 \u2013 2013 prevzela novoustanovljena Slu\u017eba Vlade Republike Slovenije za razvoj in evropsko kohezijsko politiko.<\/p>\n","protected":false},"author":1,"featured_media":0,"comment_status":"open","ping_status":"open","sticky":false,"template":"","format":"standard","meta":{"ngg_post_thumbnail":0},"categories":[8],"tags":[],"acf":[],"_links":{"self":[{"href":"http:\/\/www.si-hr.eu\/si\/wp-json\/wp\/v2\/posts\/3132"}],"collection":[{"href":"http:\/\/www.si-hr.eu\/si\/wp-json\/wp\/v2\/posts"}],"about":[{"href":"http:\/\/www.si-hr.eu\/si\/wp-json\/wp\/v2\/types\/post"}],"author":[{"embeddable":true,"href":"http:\/\/www.si-hr.eu\/si\/wp-json\/wp\/v2\/users\/1"}],"replies":[{"embeddable":true,"href":"http:\/\/www.si-hr.eu\/si\/wp-json\/wp\/v2\/comments?post=3132"}],"version-history":[{"count":0,"href":"http:\/\/www.si-hr.eu\/si\/wp-json\/wp\/v2\/posts\/3132\/revisions"}],"wp:attachment":[{"href":"http:\/\/www.si-hr.eu\/si\/wp-json\/wp\/v2\/media?parent=3132"}],"wp:term":[{"taxonomy":"category","embeddable":true,"href":"http:\/\/www.si-hr.eu\/si\/wp-json\/wp\/v2\/categories?post=3132"},{"taxonomy":"post_tag","embeddable":true,"href":"http:\/\/www.si-hr.eu\/si\/wp-json\/wp\/v2\/tags?post=3132"}],"curies":[{"name":"wp","href":"https:\/\/api.w.org\/{rel}","templated":true}]}}