{"id":3133,"date":"2015-03-18T09:50:00","date_gmt":"2015-03-18T08:50:00","guid":{"rendered":"http:\/\/84.39.218.255\/wp-content\/uploads\/2015\/09\/blog\/uradne-ure-skupnega-tehnicnega-sekretariata\/"},"modified":"2015-09-20T18:43:16","modified_gmt":"2015-09-20T17:43:16","slug":"uradne-ure-skupnega-tehnicnega-sekretariata","status":"publish","type":"post","link":"http:\/\/www.si-hr.eu\/si\/blog\/uradne-ure-skupnega-tehnicnega-sekretariata\/","title":{"rendered":"Uradne ure Skupnega tehni\u010dnega sekretariata"},"content":{"rendered":"<p>Obve\u0161\u010damo vas, da na Skupnem tehni\u010dnem sekretariatu Operativnega programa SI-HR 2007-2013 uvajamo uradne ure. V \u010dasu uradnih ur, ki bodo potekale <b> torek in \u010detrtak med 8:30 in 12:30 uro<\/b>, bo Skupni tehni\u010dni sekretariat odgovarjal na telefonske klice in na prejeta e-sporo\u010dila.<\/p>\n","protected":false},"excerpt":{"rendered":"<p>Obve\u0161\u010damo vas, da na Skupnem tehni\u010dnem sekretariatu Operativnega programa SI-HR 2007-2013 uvajamo uradne ure. V \u010dasu uradnih ur, ki bodo potekale <b> torek in \u010detrtak med 8:30 in 12:30 uro<\/b>, bo Skupni tehni\u010dni sekretariat odgovarjal na telefonske klice in na prejeta e-sporo\u010dila.<\/p>\n","protected":false},"author":1,"featured_media":0,"comment_status":"open","ping_status":"open","sticky":false,"template":"","format":"standard","meta":{"ngg_post_thumbnail":0},"categories":[8],"tags":[],"acf":[],"_links":{"self":[{"href":"http:\/\/www.si-hr.eu\/si\/wp-json\/wp\/v2\/posts\/3133"}],"collection":[{"href":"http:\/\/www.si-hr.eu\/si\/wp-json\/wp\/v2\/posts"}],"about":[{"href":"http:\/\/www.si-hr.eu\/si\/wp-json\/wp\/v2\/types\/post"}],"author":[{"embeddable":true,"href":"http:\/\/www.si-hr.eu\/si\/wp-json\/wp\/v2\/users\/1"}],"replies":[{"embeddable":true,"href":"http:\/\/www.si-hr.eu\/si\/wp-json\/wp\/v2\/comments?post=3133"}],"version-history":[{"count":1,"href":"http:\/\/www.si-hr.eu\/si\/wp-json\/wp\/v2\/posts\/3133\/revisions"}],"predecessor-version":[{"id":3148,"href":"http:\/\/www.si-hr.eu\/si\/wp-json\/wp\/v2\/posts\/3133\/revisions\/3148"}],"wp:attachment":[{"href":"http:\/\/www.si-hr.eu\/si\/wp-json\/wp\/v2\/media?parent=3133"}],"wp:term":[{"taxonomy":"category","embeddable":true,"href":"http:\/\/www.si-hr.eu\/si\/wp-json\/wp\/v2\/categories?post=3133"},{"taxonomy":"post_tag","embeddable":true,"href":"http:\/\/www.si-hr.eu\/si\/wp-json\/wp\/v2\/tags?post=3133"}],"curies":[{"name":"wp","href":"https:\/\/api.w.org\/{rel}","templated":true}]}}