{"id":3137,"date":"2014-09-12T14:56:00","date_gmt":"2014-09-12T13:56:00","guid":{"rendered":"http:\/\/84.39.218.255\/wp-content\/uploads\/2015\/09\/blog\/proslava-ob-dnevu-evropskega-teritorialnega-sodelovanja\/"},"modified":"2014-09-12T14:56:00","modified_gmt":"2014-09-12T13:56:00","slug":"proslava-ob-dnevu-evropskega-teritorialnega-sodelovanja","status":"publish","type":"post","link":"http:\/\/www.si-hr.eu\/si\/blog\/proslava-ob-dnevu-evropskega-teritorialnega-sodelovanja\/","title":{"rendered":"PROSLAVA OB DNEVU EVROPSKEGA TERITORIALNEGA SODELOVANJA"},"content":{"rendered":"<p>Za ve\u010d informacij glejte vabilo v priponki.<\/p>\n<p><a href=\"http:\/\/84.39.218.255\/wp-content\/uploads\/2015\/09\/\/Vabilo na EC Day.pdf\">VABILO &#8211; PROSLAVA OB DNEVU EVROPSKEGA TERITORIALNEGA SODELOVANJA<\/a><\/p>\n","protected":false},"excerpt":{"rendered":"<p>Slu\u017eba Vlade Republike Slovenije za razvoj in evropsko kohezijsko politiko v vlogi organa upravljanja programa \u010dezmejnega sodelovanja Slovenija &#8211; Hrva\u0161ka 2007-2013 in Ministarstvo regionalnoga razvoja i fondova Europske unije Republike Hrvatske v vlogi nacionalnega organa prej imenovanega programa vas vabita na proslavo ob Dnevu evropskega teritorialnega sodelovanja, ki bo potekala<br \/>\n<b>19. SEPTEMBRA 2014 OD 15. URE DALJE V  JASTREBARSKEM NA HRVA\u0160KEM<br \/>\nV PROSTORIH OBNOVLJENE \u017dITNICE DVORCA ERD\u00d6DY.<\/b><\/p>\n","protected":false},"author":1,"featured_media":0,"comment_status":"open","ping_status":"open","sticky":false,"template":"","format":"standard","meta":{"ngg_post_thumbnail":0},"categories":[8],"tags":[],"acf":[],"_links":{"self":[{"href":"http:\/\/www.si-hr.eu\/si\/wp-json\/wp\/v2\/posts\/3137"}],"collection":[{"href":"http:\/\/www.si-hr.eu\/si\/wp-json\/wp\/v2\/posts"}],"about":[{"href":"http:\/\/www.si-hr.eu\/si\/wp-json\/wp\/v2\/types\/post"}],"author":[{"embeddable":true,"href":"http:\/\/www.si-hr.eu\/si\/wp-json\/wp\/v2\/users\/1"}],"replies":[{"embeddable":true,"href":"http:\/\/www.si-hr.eu\/si\/wp-json\/wp\/v2\/comments?post=3137"}],"version-history":[{"count":0,"href":"http:\/\/www.si-hr.eu\/si\/wp-json\/wp\/v2\/posts\/3137\/revisions"}],"wp:attachment":[{"href":"http:\/\/www.si-hr.eu\/si\/wp-json\/wp\/v2\/media?parent=3137"}],"wp:term":[{"taxonomy":"category","embeddable":true,"href":"http:\/\/www.si-hr.eu\/si\/wp-json\/wp\/v2\/categories?post=3137"},{"taxonomy":"post_tag","embeddable":true,"href":"http:\/\/www.si-hr.eu\/si\/wp-json\/wp\/v2\/tags?post=3137"}],"curies":[{"name":"wp","href":"https:\/\/api.w.org\/{rel}","templated":true}]}}