{"id":3138,"date":"2014-09-24T13:50:00","date_gmt":"2014-09-24T12:50:00","guid":{"rendered":"http:\/\/84.39.218.255\/wp-content\/uploads\/2015\/09\/blog\/kratko-porocilo-z-dneva-evropskega-teritorijalnega-sodelovanja-v-jastrebarskem\/"},"modified":"2014-09-24T13:50:00","modified_gmt":"2014-09-24T12:50:00","slug":"kratko-porocilo-z-dneva-evropskega-teritorijalnega-sodelovanja-v-jastrebarskem","status":"publish","type":"post","link":"http:\/\/www.si-hr.eu\/si\/blog\/kratko-porocilo-z-dneva-evropskega-teritorijalnega-sodelovanja-v-jastrebarskem\/","title":{"rendered":"KRATKO PORO\u010cILO Z DNEVA EVROPSKEGA TERITORIJALNEGA SODELOVANJA V JASTREBARSKEM"},"content":{"rendered":"<p>Dan evropskega teritorialnega sodelovanja pod pokroviteljstvom Evropske komisije in programa INTERACT poteka \u017ee tretje leto po celotni Evropi in v okviru dogodkov, ki jih povezuje slogan Skupne meje nas zbli\u017eujejo predstavlja posamezne programe \u010dezmejnega sodelovanja. Lokacija dogodka ni naklju\u010dje, saj je bil v okviru projekta &#8220;Prebujena kulturna dedi\u0161\u010dina&#8221;, sofinanciranim v okviru programa \u010dezmejnega sodelovanja Slovenija &#8211; Hrva\u0161ka 2007-2013, revitaliziran prav kompleks dvorca Erd\u00f6dy.  Kot so na dogodku izpostavili slavnostni govorniki je bilo v okviru \u010dezmejnega sodelovanja med Slovenijo in Hrva\u0161ko izvedenih veliko dobrih in uspe\u0161nih projektov, tako s podro\u010dja razvoja turizma v kombinaciji s podjetni\u0161tvom kakor tudi na podro\u010dju varstva okolja ter ohranjanja naravnih in kulturnih virov, veliko \u0161tevilo prispelih vlog v okviru posameznih razpisov, pa ka\u017ee na velik interes po sodelovanju, za katerega verjamejo, da se bo nadaljevalo tudi v prihodnosti. V okviru dogodka je bila organizirana tudi mala projektna tr\u017enica, kjer so se predstavili nekateri izmed sofinanciranih projektov v okviru programa. Za kulturno &#8211; umetni\u0161ki zaklju\u010dek prireditve pa je poskrbelo &#8220;Prvo hrvatsko pjeva\u010dko dru\u0161tvo Zora&#8221; skupaj z u\u010denci glasbene \u0161ole iz Karlovca.<\/p>\n","protected":false},"excerpt":{"rendered":"<p>Slu\u017eba Vlade Republike Slovenije za razvoj in evropsko kohezijsko politiko v vlogi organa upravljanja programa \u010dezmejnega sodelovanja Slovenija &#8211; Hrva\u0161ka 2007-2013 in &#8220;Ministarstvo regionalnoga razvoja i fondova Europske unije Republike Hrvatske&#8221; v vlogi nacionalnega organa prej imenovanega programa sta v petek 19.9.2014 v prostorih obnovljene \u017eitnice dvorca Erd\u00f6dy v Jastrebarskem na Hrva\u0161kem organizirala prireditev ob Dnevu evropskega teritorialnega sodelovanja.<\/p>\n","protected":false},"author":1,"featured_media":0,"comment_status":"open","ping_status":"open","sticky":false,"template":"","format":"standard","meta":{"ngg_post_thumbnail":0},"categories":[8],"tags":[],"acf":[],"_links":{"self":[{"href":"http:\/\/www.si-hr.eu\/si\/wp-json\/wp\/v2\/posts\/3138"}],"collection":[{"href":"http:\/\/www.si-hr.eu\/si\/wp-json\/wp\/v2\/posts"}],"about":[{"href":"http:\/\/www.si-hr.eu\/si\/wp-json\/wp\/v2\/types\/post"}],"author":[{"embeddable":true,"href":"http:\/\/www.si-hr.eu\/si\/wp-json\/wp\/v2\/users\/1"}],"replies":[{"embeddable":true,"href":"http:\/\/www.si-hr.eu\/si\/wp-json\/wp\/v2\/comments?post=3138"}],"version-history":[{"count":0,"href":"http:\/\/www.si-hr.eu\/si\/wp-json\/wp\/v2\/posts\/3138\/revisions"}],"wp:attachment":[{"href":"http:\/\/www.si-hr.eu\/si\/wp-json\/wp\/v2\/media?parent=3138"}],"wp:term":[{"taxonomy":"category","embeddable":true,"href":"http:\/\/www.si-hr.eu\/si\/wp-json\/wp\/v2\/categories?post=3138"},{"taxonomy":"post_tag","embeddable":true,"href":"http:\/\/www.si-hr.eu\/si\/wp-json\/wp\/v2\/tags?post=3138"}],"curies":[{"name":"wp","href":"https:\/\/api.w.org\/{rel}","templated":true}]}}