{"id":3139,"date":"2014-10-08T13:40:00","date_gmt":"2014-10-08T12:40:00","guid":{"rendered":"http:\/\/84.39.218.255\/wp-content\/uploads\/2015\/09\/blog\/aktivnosti-v-okviru-cezmejnega-programa-slovenija-hrvaska-v-polnem-teku\/"},"modified":"2014-10-08T13:40:00","modified_gmt":"2014-10-08T12:40:00","slug":"aktivnosti-v-okviru-cezmejnega-programa-slovenija-hrvaska-v-polnem-teku","status":"publish","type":"post","link":"http:\/\/www.si-hr.eu\/si\/blog\/aktivnosti-v-okviru-cezmejnega-programa-slovenija-hrvaska-v-polnem-teku\/","title":{"rendered":"Aktivnosti v okviru \u010dezmejnega programa Slovenija-Hrva\u0161ka v polnem teku"},"content":{"rendered":"<p>V zvezi z zamudami v okviru 3. javnega razpisa programa \u010dezmejnega sodelovanja med Slovenijo in Hrva\u0161ko 2007-2013, ki je bil objavljen februarja 2012 in je nanj prispelo 228 projektnih vlog od katerih je skupni nadzorni odbor zaradi kadrovskih in administrativnih te\u017eav \u0161ele decembra 2013 pogojno odobril 38 projektov in zahteval \u0161tevilne dodatne pogoje, katere je potrebno izpolniti pred podpisom pogodbe, pojasnjujemo: da je bilo do danes, 8. oktobra 2014, podpisanih 25 pogodb, ostale pa so v pregledu oz. se \u010dakajo na dopolnitve.   SVRK torej pospe\u0161eno vodi aktivnosti na tem podro\u010dju in odpravlja zamude, ki so nastale zaradi kadrovske podhranjenosti Skupnega tehni\u010dnega sekretariata, ki se \u017ee od leta 2012 soo\u010da z veliko fluktuacijo in odhodi kadrov. K temu so pripomogle tudi \u0161tevilne menjave v notranji in zunanji organizacijski strukturi (ukinitev Slu\u017ebe Vlade RS za lokalno samoupravo in regionalno politiko in pridru\u017eitev Ministrstvu za gospodarski razvoj in tehnologijo), kar je povzro\u010dilo diskuniteto dela, prilagojenega \u010drpanju EU kohezijskih sredstev. Vodstvo nove Slu\u017ebe Vlade RS za razvoj in evropsko kohezijsko politiko (SVRK), ki je bila ustanovljena 1. 3. 2014, je pri\u010delo z odpravljanjem te\u017eav v okviru programa. Z notranjimi prerazporeditvami so bile zagotovljene dodatne kadrovske okrepitve; delo in notranje procese smo pospe\u0161ili, tudi v izogib podobnim primerom v prihodnosti, ki so nedopustni. Postopek podpisa pogodb se je za\u010del v mesecu avgustu in se bo zaklju\u010dil predvidoma do sredine oktobra 2014. Poudarjamo pa \u0161e, da zaradi preteklih zamud programu ne grozi izguba EU sredstev in prepri\u010dani smo, da bomo pri nadaljnjem \u010drpanju sredstev maksimalno uspe\u0161ni.<\/p>\n","protected":false},"excerpt":{"rendered":"<p>V zvezi z zamudami v okviru 3. javnega razpisa programa \u010dezmejnega sodelovanja med Slovenijo in Hrva\u0161ko 2007-2013, ki je bil objavljen februarja 2012 in je nanj prispelo 228 projektnih vlog od katerih je skupni nadzorni odbor zaradi kadrovskih in administrativnih te\u017eav \u0161ele decembra 2013 pogojno odobril 38 projektov in zahteval \u0161tevilne dodatne pogoje, katere je potrebno izpolniti pred podpisom pogodbe, pojasnjujemo: da je bilo do danes, 8. oktobra 2014, podpisanih 25 pogodb, ostale pa so v pregledu oz. se \u010dakajo na dopolnitve.<\/p>\n","protected":false},"author":1,"featured_media":0,"comment_status":"open","ping_status":"open","sticky":false,"template":"","format":"standard","meta":{"ngg_post_thumbnail":0},"categories":[8],"tags":[],"acf":[],"_links":{"self":[{"href":"http:\/\/www.si-hr.eu\/si\/wp-json\/wp\/v2\/posts\/3139"}],"collection":[{"href":"http:\/\/www.si-hr.eu\/si\/wp-json\/wp\/v2\/posts"}],"about":[{"href":"http:\/\/www.si-hr.eu\/si\/wp-json\/wp\/v2\/types\/post"}],"author":[{"embeddable":true,"href":"http:\/\/www.si-hr.eu\/si\/wp-json\/wp\/v2\/users\/1"}],"replies":[{"embeddable":true,"href":"http:\/\/www.si-hr.eu\/si\/wp-json\/wp\/v2\/comments?post=3139"}],"version-history":[{"count":0,"href":"http:\/\/www.si-hr.eu\/si\/wp-json\/wp\/v2\/posts\/3139\/revisions"}],"wp:attachment":[{"href":"http:\/\/www.si-hr.eu\/si\/wp-json\/wp\/v2\/media?parent=3139"}],"wp:term":[{"taxonomy":"category","embeddable":true,"href":"http:\/\/www.si-hr.eu\/si\/wp-json\/wp\/v2\/categories?post=3139"},{"taxonomy":"post_tag","embeddable":true,"href":"http:\/\/www.si-hr.eu\/si\/wp-json\/wp\/v2\/tags?post=3139"}],"curies":[{"name":"wp","href":"https:\/\/api.w.org\/{rel}","templated":true}]}}