{"id":3140,"date":"2014-10-22T14:11:00","date_gmt":"2014-10-22T13:11:00","guid":{"rendered":"http:\/\/84.39.218.255\/wp-content\/uploads\/2015\/09\/blog\/obvestilo-glede-postopka-oprostitve-placila-ddv-za-hrvaske-projektne-partnerje\/"},"modified":"2014-10-22T14:11:00","modified_gmt":"2014-10-22T13:11:00","slug":"obvestilo-glede-postopka-oprostitve-placila-ddv-za-hrvaske-projektne-partnerje","status":"publish","type":"post","link":"http:\/\/www.si-hr.eu\/si\/blog\/obvestilo-glede-postopka-oprostitve-placila-ddv-za-hrvaske-projektne-partnerje\/","title":{"rendered":"OBVESTILO GLEDE POSTOPKA OPROSTITVE PLA\u010cILA DDV ZA HRVA\u0160KE PROJEKTNE PARTNERJE"},"content":{"rendered":"<p>V prilogi najdete obvestilo glede postopka oprostitve pla\u010dila DDV za Hrva\u0161ke projektne partnerje.<\/p>\n<p><a href=\"http:\/\/84.39.218.255\/wp-content\/uploads\/2015\/09\/\/Obvestilo DDV za HR PP_1.doc\">OBVESTILO DDV ZA HR PP<\/a><br \/><a href=\"http:\/\/84.39.218.255\/wp-content\/uploads\/2015\/09\/\/OSLOBO\u0110ENJE OD PDV-A_2.doc\">OBAVIJEST PDV ZA HR PP<\/a><\/p>\n","protected":false},"excerpt":{"rendered":"<p>V prilogi najdete obvestilo glede postopka oprostitve pla\u010dila DDV za Hrva\u0161ke projektne partnerje.<\/p>\n","protected":false},"author":1,"featured_media":0,"comment_status":"open","ping_status":"open","sticky":false,"template":"","format":"standard","meta":{"ngg_post_thumbnail":0},"categories":[8],"tags":[],"acf":[],"_links":{"self":[{"href":"http:\/\/www.si-hr.eu\/si\/wp-json\/wp\/v2\/posts\/3140"}],"collection":[{"href":"http:\/\/www.si-hr.eu\/si\/wp-json\/wp\/v2\/posts"}],"about":[{"href":"http:\/\/www.si-hr.eu\/si\/wp-json\/wp\/v2\/types\/post"}],"author":[{"embeddable":true,"href":"http:\/\/www.si-hr.eu\/si\/wp-json\/wp\/v2\/users\/1"}],"replies":[{"embeddable":true,"href":"http:\/\/www.si-hr.eu\/si\/wp-json\/wp\/v2\/comments?post=3140"}],"version-history":[{"count":0,"href":"http:\/\/www.si-hr.eu\/si\/wp-json\/wp\/v2\/posts\/3140\/revisions"}],"wp:attachment":[{"href":"http:\/\/www.si-hr.eu\/si\/wp-json\/wp\/v2\/media?parent=3140"}],"wp:term":[{"taxonomy":"category","embeddable":true,"href":"http:\/\/www.si-hr.eu\/si\/wp-json\/wp\/v2\/categories?post=3140"},{"taxonomy":"post_tag","embeddable":true,"href":"http:\/\/www.si-hr.eu\/si\/wp-json\/wp\/v2\/tags?post=3140"}],"curies":[{"name":"wp","href":"https:\/\/api.w.org\/{rel}","templated":true}]}}