{"id":3141,"date":"2014-11-13T14:19:00","date_gmt":"2014-11-13T13:19:00","guid":{"rendered":"http:\/\/84.39.218.255\/wp-content\/uploads\/2015\/09\/blog\/vabilo-na-delavnice-o-porocanju\/"},"modified":"2014-11-13T14:19:00","modified_gmt":"2014-11-13T13:19:00","slug":"vabilo-na-delavnice-o-porocanju","status":"publish","type":"post","link":"http:\/\/www.si-hr.eu\/si\/blog\/vabilo-na-delavnice-o-porocanju\/","title":{"rendered":"Vabilo na delavnice o poro\u010danju"},"content":{"rendered":"<p>Spo\u0161tovani,   vabimo vas na delavnice o poro\u010danju, ki jih organiziramo v okviru 3. javnega razpisa Operativnega programa SI-HR 2007-2013. Prva delavnica bo potekala 24.11.2014 v Zagrebu za projektne partnerje iz Hrva\u0161ke, druga pa 25.11.2014 v Ljubljani za projektne partnerje iz Slovenije. Gradivo za delavnice bo objavljeno na spletni strani programa 20.11.2014. Prosimo vas, da si gradivo natisnete in prinesete s seboj na delavnice, da boste la\u017eje spremljali predstavitve.   Prosimo vas, da o tem obvestite vse projektne partnerje.<\/p>\n<p><a href=\"http:\/\/84.39.218.255\/wp-content\/uploads\/2015\/09\/\/Vabilo 3. JR - delavnice za poro\u010danje SI.pdf\">VABILO<\/a><br \/><a href=\"http:\/\/84.39.218.255\/wp-content\/uploads\/2015\/09\/\/OBRAZEC ZA PRIJAVO NA DELAVNICO LJUBLJANA.doc\">Obrazec za prijavo<\/a><br \/><a href=\"http:\/\/84.39.218.255\/wp-content\/uploads\/2015\/09\/\/Vabilo 3. JR - delavnice za poro\u010danje SI_1.pdf\">VABILO<\/a><\/p>\n","protected":false},"excerpt":{"rendered":"<p>Vabimo vas na delavnice o poro\u010danju, ki jih organiziramo v okviru 3. javnega razpisa Operativnega programa SI-HR 2007-2013.<\/p>\n","protected":false},"author":1,"featured_media":0,"comment_status":"open","ping_status":"open","sticky":false,"template":"","format":"standard","meta":{"ngg_post_thumbnail":0},"categories":[8],"tags":[],"acf":[],"_links":{"self":[{"href":"http:\/\/www.si-hr.eu\/si\/wp-json\/wp\/v2\/posts\/3141"}],"collection":[{"href":"http:\/\/www.si-hr.eu\/si\/wp-json\/wp\/v2\/posts"}],"about":[{"href":"http:\/\/www.si-hr.eu\/si\/wp-json\/wp\/v2\/types\/post"}],"author":[{"embeddable":true,"href":"http:\/\/www.si-hr.eu\/si\/wp-json\/wp\/v2\/users\/1"}],"replies":[{"embeddable":true,"href":"http:\/\/www.si-hr.eu\/si\/wp-json\/wp\/v2\/comments?post=3141"}],"version-history":[{"count":0,"href":"http:\/\/www.si-hr.eu\/si\/wp-json\/wp\/v2\/posts\/3141\/revisions"}],"wp:attachment":[{"href":"http:\/\/www.si-hr.eu\/si\/wp-json\/wp\/v2\/media?parent=3141"}],"wp:term":[{"taxonomy":"category","embeddable":true,"href":"http:\/\/www.si-hr.eu\/si\/wp-json\/wp\/v2\/categories?post=3141"},{"taxonomy":"post_tag","embeddable":true,"href":"http:\/\/www.si-hr.eu\/si\/wp-json\/wp\/v2\/tags?post=3141"}],"curies":[{"name":"wp","href":"https:\/\/api.w.org\/{rel}","templated":true}]}}