{"id":3143,"date":"2015-01-19T11:01:00","date_gmt":"2015-01-19T10:01:00","guid":{"rendered":"http:\/\/84.39.218.255\/wp-content\/uploads\/2015\/09\/blog\/delavnica-v-celju\/"},"modified":"2015-01-19T11:01:00","modified_gmt":"2015-01-19T10:01:00","slug":"delavnica-v-celju","status":"publish","type":"post","link":"http:\/\/www.si-hr.eu\/si\/blog\/delavnica-v-celju\/","title":{"rendered":"Delavnica v Celju"},"content":{"rendered":"<p>Obve\u0161\u010damo vas, da bomo zaradi velikega \u0161tevila prijav delavnicov Celju izvedli na drugi lokaciji, in sicer v veliki dvorani Celjskega Doma, Krekov trg 3 (nasproti \u017eelezni\u0161ke postaje Celje), 3000 Celje. Sre\u010damo se torej v \u010detrtek, 22. januarja 2015 ob 9.30, v dvorani Celjskega Doma.   Prijav ne sprejemamo ve\u010d zaradi zapolnitve mest.<\/p>\n","protected":false},"excerpt":{"rendered":"<p>Obve\u0161\u010damo vas, da bomo zaradi velikega \u0161tevila prijav delavnicov Celju izvedli na<br \/>\ndrugi lokaciji, in sicer v veliki dvorani Celjskega Doma, Krekov trg 3 (nasproti<br \/>\n\u017eelezni\u0161ke postaje Celje), 3000 Celje.<br \/>\nSre\u010damo se torej v \u010detrtek, 22. januarja 2015 ob 9.30, v dvorani Celjskega Doma. <\/p>\n<p>Prijav ne sprejemamo ve\u010d zaradi zapolnitve mest.<\/p>\n","protected":false},"author":1,"featured_media":0,"comment_status":"open","ping_status":"open","sticky":false,"template":"","format":"standard","meta":{"ngg_post_thumbnail":0},"categories":[8],"tags":[],"acf":[],"_links":{"self":[{"href":"http:\/\/www.si-hr.eu\/si\/wp-json\/wp\/v2\/posts\/3143"}],"collection":[{"href":"http:\/\/www.si-hr.eu\/si\/wp-json\/wp\/v2\/posts"}],"about":[{"href":"http:\/\/www.si-hr.eu\/si\/wp-json\/wp\/v2\/types\/post"}],"author":[{"embeddable":true,"href":"http:\/\/www.si-hr.eu\/si\/wp-json\/wp\/v2\/users\/1"}],"replies":[{"embeddable":true,"href":"http:\/\/www.si-hr.eu\/si\/wp-json\/wp\/v2\/comments?post=3143"}],"version-history":[{"count":0,"href":"http:\/\/www.si-hr.eu\/si\/wp-json\/wp\/v2\/posts\/3143\/revisions"}],"wp:attachment":[{"href":"http:\/\/www.si-hr.eu\/si\/wp-json\/wp\/v2\/media?parent=3143"}],"wp:term":[{"taxonomy":"category","embeddable":true,"href":"http:\/\/www.si-hr.eu\/si\/wp-json\/wp\/v2\/categories?post=3143"},{"taxonomy":"post_tag","embeddable":true,"href":"http:\/\/www.si-hr.eu\/si\/wp-json\/wp\/v2\/tags?post=3143"}],"curies":[{"name":"wp","href":"https:\/\/api.w.org\/{rel}","templated":true}]}}