{"id":3145,"date":"2015-03-03T07:56:00","date_gmt":"2015-03-03T06:56:00","guid":{"rendered":"http:\/\/84.39.218.255\/wp-content\/uploads\/2015\/09\/blog\/javna-razprava-o-osnutku-programa-sodelovanja-interreg-v-a-slovenija-hrvaska-2014-2020\/"},"modified":"2015-03-03T07:56:00","modified_gmt":"2015-03-03T06:56:00","slug":"javna-razprava-o-osnutku-programa-sodelovanja-interreg-v-a-slovenija-hrvaska-2014-2020","status":"publish","type":"post","link":"http:\/\/www.si-hr.eu\/si\/blog\/javna-razprava-o-osnutku-programa-sodelovanja-interreg-v-a-slovenija-hrvaska-2014-2020\/","title":{"rendered":"Javna razprava o osnutku programa sodelovanja Interreg V-A Slovenija-Hrva\u0161ka 2014-2020"},"content":{"rendered":"<p>Slovenija in Hrva\u0161ka aktivno pripravljata Program \u010dezmejnega sodelovanja Interreg V-A Slovenija-Hrva\u0161ka za programsko obdobje 2014-2020. Vsebino programa sodelovanja opredeljujejo relevantne evropske uredbe in strategije, upo\u0161tevajo\u010d nacionalne potrebe obeh dr\u017eav na \u010dezmejnem programskem obmo\u010dju, k sodelovanju pa vabimo tudi zainteresirano javnost. Vabimo vas, da se vklju\u010dite v javno razpravo in pomagate sooblikovati program sodelovanja tako, da bo v \u010dim ve\u010dji meri upo\u0161teval potrebe svojih ciljnih skupin in tako pripomogel k izbolj\u0161anju mo\u017enosti za delo in rast ter kakovosti \u017eivljenja prebivalcev na obeh straneh meje.   Va\u0161e stali\u0161\u010de na osnutek Programa sodelovanja podate tako, da izpolnite prilo\u017eeni e-obrazec in ga najkasneje do 13. 3. 2015 posredujete na naslov jts-si-hr.svlr@gov.si (kontaktna oseba: Gordana Stani\u0161i\u0107).   Prejeta mnenja bomo smiselno upo\u0161tevali pri pripravi kon\u010dnega dokumenta Programa sodelovanja<\/p>\n<p><a href=\"http:\/\/84.39.218.255\/wp-content\/uploads\/2015\/09\/\/Obrazec_stalisce_CP SI-HR 2014-2020_5.docx\">Obrazec \u2013 javna razprava<\/a><br \/><a href=\"http:\/\/84.39.218.255\/wp-content\/uploads\/2015\/09\/\/CP SI-HR 2014 - 2020_2.pdf\">Osnutek programa sodelovanja Slovenija \u2013 Hrva\u0161ka 2014-2020<\/a><\/p>\n","protected":false},"excerpt":{"rendered":"<p>Slovenija in Hrva\u0161ka aktivno pripravljata Program \u010dezmejnega sodelovanja Interreg V-A Slovenija-Hrva\u0161ka za programsko obdobje 2014-2020. Vsebino programa sodelovanja opredeljujejo relevantne evropske uredbe in strategije, upo\u0161tevajo\u010d nacionalne potrebe obeh dr\u017eav na \u010dezmejnem programskem obmo\u010dju, k sodelovanju pa vabimo tudi zainteresirano javnost. Vabimo vas, da se vklju\u010dite v javno razpravo in pomagate sooblikovati program sodelovanja tako, da bo v \u010dim ve\u010dji meri upo\u0161teval potrebe svojih ciljnih skupin in tako pripomogel k izbolj\u0161anju mo\u017enosti za delo in rast ter kakovosti \u017eivljenja prebivalcev na obeh straneh meje. <\/p>\n<p>Va\u0161e stali\u0161\u010de na osnutek Programa sodelovanja podate tako, da izpolnite prilo\u017eeni e-obrazec in ga najkasneje do 13. 3. 2015 posredujete na naslov jts-si-hr.svlr@gov.si (kontaktna oseba: Gordana Stani\u0161i\u0107). <\/p>\n<p>Prejeta mnenja bomo smiselno upo\u0161tevali pri pripravi kon\u010dnega dokumenta Programa sodelovanja<\/p>\n","protected":false},"author":1,"featured_media":0,"comment_status":"open","ping_status":"open","sticky":false,"template":"","format":"standard","meta":{"ngg_post_thumbnail":0},"categories":[8],"tags":[],"acf":[],"_links":{"self":[{"href":"http:\/\/www.si-hr.eu\/si\/wp-json\/wp\/v2\/posts\/3145"}],"collection":[{"href":"http:\/\/www.si-hr.eu\/si\/wp-json\/wp\/v2\/posts"}],"about":[{"href":"http:\/\/www.si-hr.eu\/si\/wp-json\/wp\/v2\/types\/post"}],"author":[{"embeddable":true,"href":"http:\/\/www.si-hr.eu\/si\/wp-json\/wp\/v2\/users\/1"}],"replies":[{"embeddable":true,"href":"http:\/\/www.si-hr.eu\/si\/wp-json\/wp\/v2\/comments?post=3145"}],"version-history":[{"count":0,"href":"http:\/\/www.si-hr.eu\/si\/wp-json\/wp\/v2\/posts\/3145\/revisions"}],"wp:attachment":[{"href":"http:\/\/www.si-hr.eu\/si\/wp-json\/wp\/v2\/media?parent=3145"}],"wp:term":[{"taxonomy":"category","embeddable":true,"href":"http:\/\/www.si-hr.eu\/si\/wp-json\/wp\/v2\/categories?post=3145"},{"taxonomy":"post_tag","embeddable":true,"href":"http:\/\/www.si-hr.eu\/si\/wp-json\/wp\/v2\/tags?post=3145"}],"curies":[{"name":"wp","href":"https:\/\/api.w.org\/{rel}","templated":true}]}}