{"id":3147,"date":"2015-04-02T08:00:00","date_gmt":"2015-04-02T07:00:00","guid":{"rendered":"http:\/\/84.39.218.255\/wp-content\/uploads\/2015\/09\/blog\/porocilo-javne-razprave-program-sodelovanja-slovenija-hrvaska-2014-2020\/"},"modified":"2015-04-02T08:00:00","modified_gmt":"2015-04-02T07:00:00","slug":"porocilo-javne-razprave-program-sodelovanja-slovenija-hrvaska-2014-2020","status":"publish","type":"post","link":"http:\/\/www.si-hr.eu\/si\/blog\/porocilo-javne-razprave-program-sodelovanja-slovenija-hrvaska-2014-2020\/","title":{"rendered":"Poro\u010dilo javne razprave; Program sodelovanja Slovenija &#8211; Hrva\u0161ka 2014 &#8211; 2020"},"content":{"rendered":"<p>Poro\u010dilo javne razprave o osnutku programa sodelovanja Interreg V-A Slovenija &#8211; Hrva\u0161ka 2014 &#8211; 2020 Tukaj najdete seznam vseh prejetih stali\u0161\u010d na osnutek programa ter komentarje.<\/p>\n<p><a href=\"http:\/\/84.39.218.255\/wp-content\/uploads\/2015\/09\/\/Annex 3_Summary table of all received comments with answers_1.pdf\">Annex 3_Summary table of all received comments with answers<\/a><\/p>\n","protected":false},"excerpt":{"rendered":"<p>Poro\u010dilo javne razprave o osnutku programa sodelovanja Interreg V-A Slovenija &#8211; Hrva\u0161ka 2014 &#8211; 2020 Tukaj najdete seznam vseh prejetih stali\u0161\u010d na osnutek programa ter komentarje.<\/p>\n","protected":false},"author":1,"featured_media":0,"comment_status":"open","ping_status":"open","sticky":false,"template":"","format":"standard","meta":{"ngg_post_thumbnail":0},"categories":[8],"tags":[],"acf":[],"_links":{"self":[{"href":"http:\/\/www.si-hr.eu\/si\/wp-json\/wp\/v2\/posts\/3147"}],"collection":[{"href":"http:\/\/www.si-hr.eu\/si\/wp-json\/wp\/v2\/posts"}],"about":[{"href":"http:\/\/www.si-hr.eu\/si\/wp-json\/wp\/v2\/types\/post"}],"author":[{"embeddable":true,"href":"http:\/\/www.si-hr.eu\/si\/wp-json\/wp\/v2\/users\/1"}],"replies":[{"embeddable":true,"href":"http:\/\/www.si-hr.eu\/si\/wp-json\/wp\/v2\/comments?post=3147"}],"version-history":[{"count":0,"href":"http:\/\/www.si-hr.eu\/si\/wp-json\/wp\/v2\/posts\/3147\/revisions"}],"wp:attachment":[{"href":"http:\/\/www.si-hr.eu\/si\/wp-json\/wp\/v2\/media?parent=3147"}],"wp:term":[{"taxonomy":"category","embeddable":true,"href":"http:\/\/www.si-hr.eu\/si\/wp-json\/wp\/v2\/categories?post=3147"},{"taxonomy":"post_tag","embeddable":true,"href":"http:\/\/www.si-hr.eu\/si\/wp-json\/wp\/v2\/tags?post=3147"}],"curies":[{"name":"wp","href":"https:\/\/api.w.org\/{rel}","templated":true}]}}