{"id":3149,"date":"2015-04-15T13:12:00","date_gmt":"2015-04-15T12:12:00","guid":{"rendered":"http:\/\/84.39.218.255\/wp-content\/uploads\/2015\/09\/blog\/podpisana-prva-pogodba-o-sofinanciranju-projektov-z-rezervne-lestvice-v-okviru-3-javnega-razpisa\/"},"modified":"2015-04-15T13:12:00","modified_gmt":"2015-04-15T12:12:00","slug":"podpisana-prva-pogodba-o-sofinanciranju-projektov-z-rezervne-lestvice-v-okviru-3-javnega-razpisa","status":"publish","type":"post","link":"http:\/\/www.si-hr.eu\/si\/blog\/podpisana-prva-pogodba-o-sofinanciranju-projektov-z-rezervne-lestvice-v-okviru-3-javnega-razpisa\/","title":{"rendered":"Podpisana prva pogodba o sofinanciranju projektov z rezervne lestvice v okviru 3. javnega razpisa"},"content":{"rendered":"<p>15.4.2015 je v Ljubljani potekal podpis prve pogodbe o sofinanciranju za projekt \u201cZA\u0160\u010cITA IN RE\u0160EVANJE\u201d. Projekt bo skupaj s \u0161e 10 projekti z rezervne lestvice sofinanciran v okviru 3. javnega razpisa EU \u010dezmejnega programa med Slovenijo in Hrva\u0161ko za obdobje SI-HR 2007-2013, ki vklju\u010dujejo aktivnosti s podro\u010dja turizma in razvoja pode\u017eelja, razvoja podjetni\u0161tva, socialne integracije, varstva okolja ter ohranjanja obmo\u010dij varstva narave in kulturne dedi\u0161\u010dine.<\/p>\n","protected":false},"excerpt":{"rendered":"<p>15.4.2015 je v Ljubljani potekal podpis prve pogodbe o sofinanciranju za projekt \u201cZA\u0160\u010cITA IN RE\u0160EVANJE\u201d. Projekt bo skupaj s \u0161e 10 projekti z rezervne lestvice sofinanciran v okviru 3. javnega razpisa EU \u010dezmejnega programa med Slovenijo in Hrva\u0161ko za obdobje SI-HR 2007-2013, ki vklju\u010dujejo aktivnosti s podro\u010dja turizma in razvoja pode\u017eelja, razvoja podjetni\u0161tva, socialne integracije, varstva okolja ter ohranjanja obmo\u010dij varstva narave in kulturne dedi\u0161\u010dine.<\/p>\n","protected":false},"author":1,"featured_media":0,"comment_status":"open","ping_status":"open","sticky":false,"template":"","format":"standard","meta":{"ngg_post_thumbnail":0},"categories":[8],"tags":[],"acf":[],"_links":{"self":[{"href":"http:\/\/www.si-hr.eu\/si\/wp-json\/wp\/v2\/posts\/3149"}],"collection":[{"href":"http:\/\/www.si-hr.eu\/si\/wp-json\/wp\/v2\/posts"}],"about":[{"href":"http:\/\/www.si-hr.eu\/si\/wp-json\/wp\/v2\/types\/post"}],"author":[{"embeddable":true,"href":"http:\/\/www.si-hr.eu\/si\/wp-json\/wp\/v2\/users\/1"}],"replies":[{"embeddable":true,"href":"http:\/\/www.si-hr.eu\/si\/wp-json\/wp\/v2\/comments?post=3149"}],"version-history":[{"count":0,"href":"http:\/\/www.si-hr.eu\/si\/wp-json\/wp\/v2\/posts\/3149\/revisions"}],"wp:attachment":[{"href":"http:\/\/www.si-hr.eu\/si\/wp-json\/wp\/v2\/media?parent=3149"}],"wp:term":[{"taxonomy":"category","embeddable":true,"href":"http:\/\/www.si-hr.eu\/si\/wp-json\/wp\/v2\/categories?post=3149"},{"taxonomy":"post_tag","embeddable":true,"href":"http:\/\/www.si-hr.eu\/si\/wp-json\/wp\/v2\/tags?post=3149"}],"curies":[{"name":"wp","href":"https:\/\/api.w.org\/{rel}","templated":true}]}}