{"id":3150,"date":"2015-04-21T07:38:00","date_gmt":"2015-04-21T06:38:00","guid":{"rendered":"http:\/\/84.39.218.255\/wp-content\/uploads\/2015\/09\/blog\/program-sodelovanja-interreg-v-a-slovenija-hrvaska-2014-2020-posredovan-evropski-komisiji\/"},"modified":"2015-04-21T07:38:00","modified_gmt":"2015-04-21T06:38:00","slug":"program-sodelovanja-interreg-v-a-slovenija-hrvaska-2014-2020-posredovan-evropski-komisiji","status":"publish","type":"post","link":"http:\/\/www.si-hr.eu\/si\/blog\/program-sodelovanja-interreg-v-a-slovenija-hrvaska-2014-2020-posredovan-evropski-komisiji\/","title":{"rendered":"Program sodelovanja INTERREG V-A Slovenija-Hrva\u0161ka 2014-2020 posredovan Evropski komisiji"},"content":{"rendered":"<p>31 marca je bil na Evropsko komisijo (EK) oddan Program sodelovanja INTERREG V-A Slovenija-Hrva\u0161ka 2014-2020.  Odlo\u010ditev oz. morebitne pripombe na vsebino dokumenta s strani EK pri\u010dakujemo v roku 3 mesecev.  O vseh nadaljnjih informacijah vas bomo sproti obve\u0161\u010dali na na\u0161i spletni strani.<\/p>\n<p><a href=\"http:\/\/84.39.218.255\/wp-content\/uploads\/2015\/09\/\/CP Interreg V-A SI-HR 2014 - 2020_1.pdf\">CP Interreg V-A SI-HR 2014 &#8211; 2020<\/a><\/p>\n","protected":false},"excerpt":{"rendered":"<p>31 marca je bil na Evropsko komisijo (EK) oddan Program sodelovanja INTERREG V-A Slovenija-Hrva\u0161ka 2014-2020.<br \/>\nOdlo\u010ditev oz. morebitne pripombe na vsebino dokumenta s strani EK pri\u010dakujemo v roku 3 mesecev.<br \/>\nO vseh nadaljnjih informacijah vas bomo sproti obve\u0161\u010dali na na\u0161i spletni strani.<\/p>\n","protected":false},"author":1,"featured_media":0,"comment_status":"open","ping_status":"open","sticky":false,"template":"","format":"standard","meta":{"ngg_post_thumbnail":0},"categories":[8],"tags":[],"acf":[],"_links":{"self":[{"href":"http:\/\/www.si-hr.eu\/si\/wp-json\/wp\/v2\/posts\/3150"}],"collection":[{"href":"http:\/\/www.si-hr.eu\/si\/wp-json\/wp\/v2\/posts"}],"about":[{"href":"http:\/\/www.si-hr.eu\/si\/wp-json\/wp\/v2\/types\/post"}],"author":[{"embeddable":true,"href":"http:\/\/www.si-hr.eu\/si\/wp-json\/wp\/v2\/users\/1"}],"replies":[{"embeddable":true,"href":"http:\/\/www.si-hr.eu\/si\/wp-json\/wp\/v2\/comments?post=3150"}],"version-history":[{"count":0,"href":"http:\/\/www.si-hr.eu\/si\/wp-json\/wp\/v2\/posts\/3150\/revisions"}],"wp:attachment":[{"href":"http:\/\/www.si-hr.eu\/si\/wp-json\/wp\/v2\/media?parent=3150"}],"wp:term":[{"taxonomy":"category","embeddable":true,"href":"http:\/\/www.si-hr.eu\/si\/wp-json\/wp\/v2\/categories?post=3150"},{"taxonomy":"post_tag","embeddable":true,"href":"http:\/\/www.si-hr.eu\/si\/wp-json\/wp\/v2\/tags?post=3150"}],"curies":[{"name":"wp","href":"https:\/\/api.w.org\/{rel}","templated":true}]}}