{"id":3152,"date":"2015-07-06T14:38:00","date_gmt":"2015-07-06T13:38:00","guid":{"rendered":"http:\/\/84.39.218.255\/wp-content\/uploads\/2015\/09\/blog\/srecanje-o-moznostih-in-priloznostih-ki-jih-prinasa-program-interreg-v-a-slovenija-hrvaska-2014-202\/"},"modified":"2015-07-06T14:38:00","modified_gmt":"2015-07-06T13:38:00","slug":"srecanje-o-moznostih-in-priloznostih-ki-jih-prinasa-program-interreg-v-a-slovenija-hrvaska-2014-202","status":"publish","type":"post","link":"http:\/\/www.si-hr.eu\/si\/blog\/srecanje-o-moznostih-in-priloznostih-ki-jih-prinasa-program-interreg-v-a-slovenija-hrvaska-2014-202\/","title":{"rendered":"Sre\u010danje o mo\u017enostih in prilo\u017enostih, ki jih prina\u0161a program Interreg V-A Slovenija-Hrva\u0161ka 2014-202"},"content":{"rendered":"<p>Kmetijsko gozdarski zavod Nova Gorica in Agencija za ruralni razvoj Istre AZRRI v sodelovanju s Slu\u017ebo Vlade republike Slovenije za razvoj in evropsko kohezijsko politiko, Istarsko \u017eupanijo in Ob\u010dino Pivka je organiziralo 1.7.2015  v Parku voja\u0161ke zgodovine sre\u010danje o mo\u017enostih in prilo\u017enostih, ki jih za pode\u017eelska obmo\u010dja \u010dezmejnega prostora prina\u0161a program Interreg V-A Slovenija-Hrva\u0161ka 2014-2020. Na osnovi izku\u0161enj  \u010dezmejnih projektov APRO   in ZOOB so bila predstavljena razmi\u0161ljanja za skupno delo v 2014 \u2013 2020. V novem obdobju se bo nadaljevalo &#8221;odpiranje mej&#8221;  na podro\u010djih zmanj\u0161anja poplavne ogro\u017eenosti, ohranjanja in trajnostne rabe  naravne (op. ve\u010d kot 60 odstotkov obmejnega obmo\u010dja je v Naturi 2000) in kulturne dedi\u0161\u010dine in sodelovanja  javnih slu\u017eb za zagotovitev kvalitetnega dostopa do javnih storitev prebivalcem obmejnega obmo\u010dja. Izbrana podro\u010dja sledijo ciljem, ki jih brez sodelovanja med partnerji na obeh straneh mej ne bi bilo mogo\u010de dose\u010di.<\/p>\n","protected":false},"excerpt":{"rendered":"<p>Kmetijsko gozdarski zavod Nova Gorica in Agencija za ruralni razvoj Istre AZRRI v sodelovanju s Slu\u017ebo Vlade republike Slovenije za razvoj in evropsko kohezijsko politiko, Istarsko \u017eupanijo in Ob\u010dino Pivka je organiziralo 1.7.2015  v Parku voja\u0161ke zgodovine sre\u010danje o mo\u017enostih in prilo\u017enostih, ki jih za pode\u017eelska obmo\u010dja \u010dezmejnega prostora prina\u0161a program Interreg V-A Slovenija-Hrva\u0161ka 2014-2020. Na osnovi izku\u0161enj  \u010dezmejnih projektov APRO   in ZOOB so bila predstavljena razmi\u0161ljanja za skupno delo v 2014 \u2013 2020. V novem obdobju se bo nadaljevalo &#8221;odpiranje mej&#8221;  na podro\u010djih zmanj\u0161anja poplavne ogro\u017eenosti, ohranjanja in trajnostne rabe  naravne (op. ve\u010d kot 60 odstotkov obmejnega obmo\u010dja je v Naturi 2000) in kulturne dedi\u0161\u010dine in sodelovanja  javnih slu\u017eb za zagotovitev kvalitetnega dostopa do javnih storitev prebivalcem obmejnega obmo\u010dja. Izbrana podro\u010dja sledijo ciljem, ki jih brez sodelovanja med partnerji na obeh straneh mej ne bi bilo mogo\u010de dose\u010di.<\/p>\n","protected":false},"author":1,"featured_media":0,"comment_status":"open","ping_status":"open","sticky":false,"template":"","format":"standard","meta":{"ngg_post_thumbnail":0},"categories":[8],"tags":[],"acf":[],"_links":{"self":[{"href":"http:\/\/www.si-hr.eu\/si\/wp-json\/wp\/v2\/posts\/3152"}],"collection":[{"href":"http:\/\/www.si-hr.eu\/si\/wp-json\/wp\/v2\/posts"}],"about":[{"href":"http:\/\/www.si-hr.eu\/si\/wp-json\/wp\/v2\/types\/post"}],"author":[{"embeddable":true,"href":"http:\/\/www.si-hr.eu\/si\/wp-json\/wp\/v2\/users\/1"}],"replies":[{"embeddable":true,"href":"http:\/\/www.si-hr.eu\/si\/wp-json\/wp\/v2\/comments?post=3152"}],"version-history":[{"count":0,"href":"http:\/\/www.si-hr.eu\/si\/wp-json\/wp\/v2\/posts\/3152\/revisions"}],"wp:attachment":[{"href":"http:\/\/www.si-hr.eu\/si\/wp-json\/wp\/v2\/media?parent=3152"}],"wp:term":[{"taxonomy":"category","embeddable":true,"href":"http:\/\/www.si-hr.eu\/si\/wp-json\/wp\/v2\/categories?post=3152"},{"taxonomy":"post_tag","embeddable":true,"href":"http:\/\/www.si-hr.eu\/si\/wp-json\/wp\/v2\/tags?post=3152"}],"curies":[{"name":"wp","href":"https:\/\/api.w.org\/{rel}","templated":true}]}}