{"id":3153,"date":"2015-07-31T14:11:00","date_gmt":"2015-07-31T13:11:00","guid":{"rendered":"http:\/\/84.39.218.255\/wp-content\/uploads\/2015\/09\/blog\/revidiran-program-sodelovanja-interreg-v-a-slovenija-hrvaska-2014-2020-posredovan-evropski-komisiji\/"},"modified":"2015-07-31T14:11:00","modified_gmt":"2015-07-31T13:11:00","slug":"revidiran-program-sodelovanja-interreg-v-a-slovenija-hrvaska-2014-2020-posredovan-evropski-komisiji","status":"publish","type":"post","link":"http:\/\/www.si-hr.eu\/si\/blog\/revidiran-program-sodelovanja-interreg-v-a-slovenija-hrvaska-2014-2020-posredovan-evropski-komisiji\/","title":{"rendered":"Revidiran Program sodelovanja INTERREG V-A Slovenija-Hrva\u0161ka 2014-2020 posredovan Evropski komisiji"},"content":{"rendered":"<p>Dne 31. julija 2015 je bil na Evropsko komisijo (EK) oddan Program sodelovanja INTERREG V-A Slovenija-Hrva\u0161ka,  v katerem so bile smiselno upo\u0161tevane pripombe na vsebino dokumenta, prejete s strani Evropske komisije.  Potrditev Program sodelovanja s strani EK pri\u010dakujemo konec meseca septembra. Objava Razpisa v okviru Programa sodelovanja INTERREG V-A Slovenija-Hrva\u0161ka bo predvidoma konec leta 2015.  O vseh nadaljnjih informacijah vas bomo sproti obve\u0161\u010dali na na\u0161i spletni strani.<\/p>\n<p><a href=\"http:\/\/84.39.218.255\/wp-content\/uploads\/2015\/09\/\/CP clean as of 30 7 2015_2.pdf\">CP CLEAN<\/a><\/p>\n","protected":false},"excerpt":{"rendered":"<p>Dne 31. julija 2015 je bil na Evropsko komisijo (EK) oddan Program sodelovanja INTERREG V-A Slovenija-Hrva\u0161ka,  v katerem so bile smiselno upo\u0161tevane pripombe na vsebino dokumenta, prejete s strani Evropske komisije.<br \/>\nPotrditev Program sodelovanja s strani EK pri\u010dakujemo konec meseca septembra. Objava Razpisa v okviru Programa sodelovanja INTERREG V-A Slovenija-Hrva\u0161ka bo predvidoma konec leta 2015.<br \/>\nO vseh nadaljnjih informacijah vas bomo sproti obve\u0161\u010dali na na\u0161i spletni strani.<\/p>\n","protected":false},"author":1,"featured_media":0,"comment_status":"open","ping_status":"open","sticky":false,"template":"","format":"standard","meta":{"ngg_post_thumbnail":0},"categories":[8],"tags":[],"acf":[],"_links":{"self":[{"href":"http:\/\/www.si-hr.eu\/si\/wp-json\/wp\/v2\/posts\/3153"}],"collection":[{"href":"http:\/\/www.si-hr.eu\/si\/wp-json\/wp\/v2\/posts"}],"about":[{"href":"http:\/\/www.si-hr.eu\/si\/wp-json\/wp\/v2\/types\/post"}],"author":[{"embeddable":true,"href":"http:\/\/www.si-hr.eu\/si\/wp-json\/wp\/v2\/users\/1"}],"replies":[{"embeddable":true,"href":"http:\/\/www.si-hr.eu\/si\/wp-json\/wp\/v2\/comments?post=3153"}],"version-history":[{"count":0,"href":"http:\/\/www.si-hr.eu\/si\/wp-json\/wp\/v2\/posts\/3153\/revisions"}],"wp:attachment":[{"href":"http:\/\/www.si-hr.eu\/si\/wp-json\/wp\/v2\/media?parent=3153"}],"wp:term":[{"taxonomy":"category","embeddable":true,"href":"http:\/\/www.si-hr.eu\/si\/wp-json\/wp\/v2\/categories?post=3153"},{"taxonomy":"post_tag","embeddable":true,"href":"http:\/\/www.si-hr.eu\/si\/wp-json\/wp\/v2\/tags?post=3153"}],"curies":[{"name":"wp","href":"https:\/\/api.w.org\/{rel}","templated":true}]}}