{"id":8943,"date":"2015-12-08T10:19:31","date_gmt":"2015-12-08T09:19:31","guid":{"rendered":"http:\/\/84.39.218.255\/?p=8943"},"modified":"2015-12-08T10:19:31","modified_gmt":"2015-12-08T09:19:31","slug":"zaprtje-prijav-za-uvodno-prireditev","status":"publish","type":"post","link":"http:\/\/www.si-hr.eu\/si\/blog\/zaprtje-prijav-za-uvodno-prireditev\/","title":{"rendered":"Zaprtje prijav za uvodno prireditev"},"content":{"rendered":"<p>Obve\u0161\u010damo vas, da je \u0161tevilo prostih mest za uvodno prireditev namenjeno predstavitvi Programa sodelovanja Interreg V-A Slovenija-Hrva\u0161ka, ki bo potekala v sredo 9. decembra 2015 v Celju prese\u017eeno, zato prijave na uvodno prireditev niso ve\u010d mo\u017ene.<\/p>\n<p>Vse predstavitve in ostala dokumentacija s prireditve bo na voljo na spletni strani po prireditvi.<\/p>\n<p>Po objavi javnega razpisa na\u010drtujemo izvedbo dveh delavnic, ene na slovenski in ene na hrva\u0161ki strani, ki bosta namenjeni podrobnej\u0161i predstavitvi Programa sodelovanja Interreg V-A Slovenija-Hrva\u0161ka in razpisne dokumentacije.<\/p>\n<p>Prosimo vas za razumevanje in se veselimo sre\u010danja z vami na prihodnjih dogodkih.<\/p>\n<p>Lep pozdrav!<\/p>\n","protected":false},"excerpt":{"rendered":"<p>Obve\u0161\u010damo vas, da je \u0161tevilo prostih mest za uvodno prireditev namenjeno predstavitvi Programa sodelovanja Interreg V-A Slovenija-Hrva\u0161ka, ki bo potekala v sredo 9. decembra 2015 v Celju prese\u017eeno, zato prijave na uvodno prireditev niso ve\u010d mo\u017ene. <\/p>\n","protected":false},"author":1,"featured_media":0,"comment_status":"open","ping_status":"open","sticky":false,"template":"","format":"standard","meta":{"ngg_post_thumbnail":0},"categories":[8],"tags":[],"acf":[],"_links":{"self":[{"href":"http:\/\/www.si-hr.eu\/si\/wp-json\/wp\/v2\/posts\/8943"}],"collection":[{"href":"http:\/\/www.si-hr.eu\/si\/wp-json\/wp\/v2\/posts"}],"about":[{"href":"http:\/\/www.si-hr.eu\/si\/wp-json\/wp\/v2\/types\/post"}],"author":[{"embeddable":true,"href":"http:\/\/www.si-hr.eu\/si\/wp-json\/wp\/v2\/users\/1"}],"replies":[{"embeddable":true,"href":"http:\/\/www.si-hr.eu\/si\/wp-json\/wp\/v2\/comments?post=8943"}],"version-history":[{"count":1,"href":"http:\/\/www.si-hr.eu\/si\/wp-json\/wp\/v2\/posts\/8943\/revisions"}],"predecessor-version":[{"id":8944,"href":"http:\/\/www.si-hr.eu\/si\/wp-json\/wp\/v2\/posts\/8943\/revisions\/8944"}],"wp:attachment":[{"href":"http:\/\/www.si-hr.eu\/si\/wp-json\/wp\/v2\/media?parent=8943"}],"wp:term":[{"taxonomy":"category","embeddable":true,"href":"http:\/\/www.si-hr.eu\/si\/wp-json\/wp\/v2\/categories?post=8943"},{"taxonomy":"post_tag","embeddable":true,"href":"http:\/\/www.si-hr.eu\/si\/wp-json\/wp\/v2\/tags?post=8943"}],"curies":[{"name":"wp","href":"https:\/\/api.w.org\/{rel}","templated":true}]}}