{"id":9016,"date":"2016-11-16T10:25:18","date_gmt":"2016-11-16T09:25:18","guid":{"rendered":"http:\/\/www.si-hr.eu\/si\/?p=9016"},"modified":"2016-11-16T10:32:08","modified_gmt":"2016-11-16T09:32:08","slug":"konferenca-o-cezmejnem-sodelovanju-med-slovenijo-in-hrvasko-29-november-2016","status":"publish","type":"post","link":"http:\/\/www.si-hr.eu\/si\/blog\/konferenca-o-cezmejnem-sodelovanju-med-slovenijo-in-hrvasko-29-november-2016\/","title":{"rendered":"Konferenca o \u010dezmejnem sodelovanju med Slovenijo in Hrva\u0161ko &#8211; 29. november 2016"},"content":{"rendered":"<p>Slu\u017eba Vlade RS za razvoj in evropsko kohezijsko politiko, organ upravljanja za program \u010dezmejnega sodelovanja Slovenija-Hrva\u0161ka 2007\u20132013 in 2014\u20132020, vas v sodelovanju z Ministrstvom za regionalni razvoj in sklade Evropske unije iz Hrva\u0161ke vabi na <strong>KONFERENCO O \u010cEZMEJEM SODELOVANJU MED SLOVENIJO IN HRVA\u0160KO<\/strong> &#8211; <em>rezultati, izku\u0161nje in izzivi,\u00a0<\/em>ki bo v <strong>torek, 29. novembra 2016, ob 11. uri\u00a0na\u00a0 Gradu Bre\u017eice<\/strong>, Vite\u0161ka dvorana, Cesta prvih borcev 1, Bre\u017eice.<\/p>\n<p><a href=\"http:\/\/www.si-hr.eu\/si2\/wp-content\/uploads\/sites\/14\/2016\/11\/Vabilo_-_Poziv.pdf\" target=\"_blank\">Vabilo<\/a><\/p>\n<p>Na konferenci bo zagotovljeno simultano prevajanje v angle\u0161ki, hrva\u0161ki in slovenski jezik.<\/p>\n<p>Prosimo, da <strong>udele\u017ebo potrdite do 25. novembra<\/strong> na <a href=\"mailto:si-hr.svrk@gov.si\" target=\"_blank\">si-hr.svrk@gov.si<\/a>.<\/p>\n","protected":false},"excerpt":{"rendered":"<p>SVRK vas v vlogi organa upravljanja za program \u010dezmejnega sodelovanja SI-HR 2007\u20132013 in 2014\u20132020, v sodelovanju z MRRFEU iz Hrva\u0161ke vabi na Konferenco o \u010dezmejnem sodelovanju med Slovenijo in Hrva\u0161ko &#8211; rezultati, izku\u0161nje in izzivi, ki bo v torek, 29. novembra 2016, ob 11. uri na  Gradu Bre\u017eice.<\/p>\n","protected":false},"author":1,"featured_media":0,"comment_status":"closed","ping_status":"open","sticky":false,"template":"","format":"standard","meta":{"ngg_post_thumbnail":0},"categories":[8,1],"tags":[],"acf":[],"_links":{"self":[{"href":"http:\/\/www.si-hr.eu\/si\/wp-json\/wp\/v2\/posts\/9016"}],"collection":[{"href":"http:\/\/www.si-hr.eu\/si\/wp-json\/wp\/v2\/posts"}],"about":[{"href":"http:\/\/www.si-hr.eu\/si\/wp-json\/wp\/v2\/types\/post"}],"author":[{"embeddable":true,"href":"http:\/\/www.si-hr.eu\/si\/wp-json\/wp\/v2\/users\/1"}],"replies":[{"embeddable":true,"href":"http:\/\/www.si-hr.eu\/si\/wp-json\/wp\/v2\/comments?post=9016"}],"version-history":[{"count":3,"href":"http:\/\/www.si-hr.eu\/si\/wp-json\/wp\/v2\/posts\/9016\/revisions"}],"predecessor-version":[{"id":9019,"href":"http:\/\/www.si-hr.eu\/si\/wp-json\/wp\/v2\/posts\/9016\/revisions\/9019"}],"wp:attachment":[{"href":"http:\/\/www.si-hr.eu\/si\/wp-json\/wp\/v2\/media?parent=9016"}],"wp:term":[{"taxonomy":"category","embeddable":true,"href":"http:\/\/www.si-hr.eu\/si\/wp-json\/wp\/v2\/categories?post=9016"},{"taxonomy":"post_tag","embeddable":true,"href":"http:\/\/www.si-hr.eu\/si\/wp-json\/wp\/v2\/tags?post=9016"}],"curies":[{"name":"wp","href":"https:\/\/api.w.org\/{rel}","templated":true}]}}