{"id":1464,"date":"2016-10-18T11:19:13","date_gmt":"2016-10-18T10:19:13","guid":{"rendered":"http:\/\/84.39.218.255\/si2\/?p=1464"},"modified":"2016-10-19T12:51:20","modified_gmt":"2016-10-19T11:51:20","slug":"46-milijona-evrov-za-prve-projekte-v-okviru-programa-sodelovanja-med-slovenijo-in-hrvasko-2","status":"publish","type":"post","link":"http:\/\/www.si-hr.eu\/si2\/2016\/10\/18\/46-milijona-evrov-za-prve-projekte-v-okviru-programa-sodelovanja-med-slovenijo-in-hrvasko-2\/","title":{"rendered":"4,6 milijona evrov za prve projekte v okviru programa sodelovanja med Slovenijo in Hrva\u0161ko"},"content":{"rendered":"<p><u>Reka, Hrva\u0161ka, 18. oktober 2016<\/u> &#8211;\u00a0<strong>Danes so bile podpisane pogodbe o sofinanciranju iz sredstev<\/strong> <strong>Evropskega sklada za regionalni razvoj (ESRR) v okviru Programa sodelovanja Interreg V-A Slovenija-Hrva\u0161ka 2014\u20132020. Potrjenih je 5 projektov v skupni vrednosti 4,6 milijona evrov evropskega sofinanciranja, in sicer trije s podro\u010dja ohranjanja in trajnostne rabe naravnih in kulturnih virov ter dva s podro\u010dja zdravega, varnega in dostopnega obmejnega obmo\u010dja. Program je v polnem izvajanju, sodelovanje med dr\u017eavama iz obdobja 2007\u20132013 pa se krepi in nadgrajuje. Na dana\u0161njem sre\u010danju so se zato predstavniki Organa upravljanja skupaj s programskimi partnerji zavzeli za nadaljnje uspe\u0161no povezovanje na obeh straneh meje in za \u010dim ve\u010d skupnih nalo\u017eb, ki bodo prispevale k dvigu kakovosti \u017eivljenja prebivalcev skupnega obmejnega obmo\u010dja. Prav uspe\u0161en regionalni in obmejni razvoj je cilj programov evropskega teritorialnega sodelovanja, ki prispevajo\u00a0 tudi k integracijskem procesu znotraj EU in graditvi evropske identitete.<\/strong><\/p>\n<p>Program sodelovanja Slovenija\u2013Hrva\u0161ka je sicer namenjen razvoju trajnostnega, varnega in \u017eivahnega obmejnega obmo\u010dja s spodbujanjem pametnih pristopov k ohranjanju, mobilizaciji in upravljanju naravnih in kulturnih vrednot v korist ljudi, ki \u017eivijo in delajo ali obiskujejo obmo\u010dje.<\/p>\n<p>Vizija v tem okviru je \u00bbPovezani v zelenem\u00ab, ki izpostavlja splo\u0161no usmeritev v trajnostni razvoj. Glavni poudarek je na izkori\u0161\u010danju naravnih in kulturnih vrednot obmo\u010dja za ustvarjanje inovativnih, pametnih in u\u010dinkovitih re\u0161itev, ki prispevajo k ohranjanju in izbolj\u0161anju kakovosti okolja in njegove raznolike identitete na eni ter aktiviranju socialno-ekonomskih potencialov na drugi strani. Zagotavljanje varnega in \u017eivahnega obmo\u010dja je bistvenega pomena za ljudi in bo vzpostavljeno s pove\u010danjem zmogljivosti za institucionalno sodelovanje na vseh ravneh.<\/p>\n<p>Za nekaj ve\u010d kot 33 milijonov evrov sredstev ESRR lahko kandidirajo upravi\u010denci z obeh strani meje, in sicer Pomurska, Podravska, Savinjska regija, Zasavska, Posavska, Jugovzhodna Slovenija, Osrednjeslovenska, Primorsko-notranjska in Obalno-kra\u0161ka statisti\u010dna regija v Sloveniji ter Primorsko-goranska \u017eupanija, Istarska, Zagreba\u010dka, Krapinsko-zagorska, Vara\u017edinska, Me\u0111imurska, Karlova\u010dka \u017eupanija in Mesto Zagreb na Hrva\u0161kem.<\/p>\n<p>Odprti razpis z ve\u010d roki za predlo\u017eitev projektnih vlog, v okviru katerega so bile danes podpisane prve pogodbe o sofinanciranju je bil objavljen 15. januarja 2016. 1. rok razpisa se je zaklju\u010dil 11. marca 2016, odlo\u010ditev o odobritvi projektov pa je v avgustu 2016 sprejel Odbor za spremljanje programa, sestavljen iz predstavnikov obeh sodelujo\u010dih dr\u017eav. Potrdil je 5 projektov v skupni vrednosti 4,6 milijona evrov evropskega sofinanciranja, in sicer trije s podro\u010dja ohranjanja in trajnostne rabe naravnih in kulturnih virov (v skupni vrednosti 3,6 milijona EU sofinanciranja) ter dva s podro\u010dja zdravega, varnega in dostopnega obmejnega obmo\u010dja (nekaj manj kot milijon EU sofinanciranja):<\/p>\n<ul>\n<li>v okviru vsebinskega podro\u010dja, ki se nana\u0161a na ohranjanje in trajnostno rabo naravnih in kulturnih virov: <strong>MALA BARKA 2<\/strong>, <strong>DETOX<\/strong> in <strong>ENJOYHERITAGE<\/strong>;<\/li>\n<\/ul>\n<ul>\n<li>na podro\u010dju zdravega, varnega in dostopnega obmejnega obmo\u010dja pa <strong>DEMENCA ACROSLO<\/strong> in <strong>STAR<\/strong><\/li>\n<\/ul>\n<p>Podrobnej\u0161i podatki o odobrenih projektih so vam na voljo <a href=\"http:\/\/84.39.218.255\/si2\/projekti\/odobreni-projekti\/\" target=\"_blank\">tukaj<\/a>.<\/p>\n<p>Od skupno 33 milijonov evrov razpolo\u017eljivih evropskih sredstev je tako do sedaj skupno vezanih 4,6 milijonov evrov oz. 14 odstotkov vseh razpolo\u017eljivih sredstev javnega razpisa. Drugi rok javnega razpisa za oddajo projektov se zaklju\u010di 14. novembra 2016, Odbor za spremljanje programa pa bo predvidoma v aprilu 2017 odlo\u010dal o izboru projektov. Tretji rok bo predvidoma razpisan maja 2017.<\/p>\n<p>Organ upravljanja in Skupni sekretariat izra\u017eata zadovoljstvo ob podpisu pogodb in nad dosedanjim odzivom v okviru odprtega javnega razpisa, ki omogo\u010da sprotno vlaganje projektov, in uporabo e-kohezije, kar je bistveno skraj\u0161alo roke od vlo\u017eitve\u00a0 projekta do podpisa pogodbe, in sicer na manj kot 7 mesecev. Spodbudno je tudi, da se je v novem obdobju \u0161e pove\u010dala te\u017ea prispevkov projektov k skupnim programskim rezultatom, \u010dezmejni naravnanosti in trajnostnemu u\u010dinku.<\/p>\n<p><!-- index.php -->\n<div\n\tclass=\"ngg-galleryoverview ngg-ajax-pagination-none\"\n\tid=\"ngg-gallery-1460-1\">\n\n    \t\t<!-- Thumbnails -->\n\t\t\t\t<div id=\"ngg-image-0\" class=\"ngg-gallery-thumbnail-box\" >\n\t\t\t\t        <div class=\"ngg-gallery-thumbnail\">\n            <a href=\"http:\/\/www.si-hr.eu\/si2\/wp-content\/uploads\/sites\/14\/nggallery\/slovenska-bistrica\/IMG_2905.JPG\"\n               title=\"\"\n               data-src=\"http:\/\/www.si-hr.eu\/si2\/wp-content\/uploads\/sites\/14\/nggallery\/slovenska-bistrica\/IMG_2905.JPG\"\n               data-thumbnail=\"http:\/\/www.si-hr.eu\/si2\/wp-content\/uploads\/sites\/14\/nggallery\/slovenska-bistrica\/thumbs\/thumbs_IMG_2905.JPG\"\n               data-image-id=\"150\"\n               data-title=\"IMG_2905\"\n               data-description=\"\"\n               data-image-slug=\"img_2905\"\n               class=\"ngg-fancybox\" rel=\"1460\">\n                <img\n                    title=\"IMG_2905\"\n                    alt=\"IMG_2905\"\n                    src=\"http:\/\/www.si-hr.eu\/si2\/wp-content\/uploads\/sites\/14\/nggallery\/slovenska-bistrica\/thumbs\/thumbs_IMG_2905.JPG\"\n                    width=\"240\"\n                    height=\"160\"\n                    style=\"max-width:100%;\"\n                \/>\n            <\/a>\n        <\/div>\n\t\t\t\t\t\t\t<\/div> \n\t\t\t\n        \n\t\t\t\t<div id=\"ngg-image-1\" class=\"ngg-gallery-thumbnail-box\" >\n\t\t\t\t        <div class=\"ngg-gallery-thumbnail\">\n            <a href=\"http:\/\/www.si-hr.eu\/si2\/wp-content\/uploads\/sites\/14\/nggallery\/slovenska-bistrica\/rsz_dsc_0043.jpg\"\n               title=\"\"\n               data-src=\"http:\/\/www.si-hr.eu\/si2\/wp-content\/uploads\/sites\/14\/nggallery\/slovenska-bistrica\/rsz_dsc_0043.jpg\"\n               data-thumbnail=\"http:\/\/www.si-hr.eu\/si2\/wp-content\/uploads\/sites\/14\/nggallery\/slovenska-bistrica\/thumbs\/thumbs_rsz_dsc_0043.jpg\"\n               data-image-id=\"168\"\n               data-title=\"rsz_dsc_0043\"\n               data-description=\"\"\n               data-image-slug=\"rsz_dsc_0043\"\n               class=\"ngg-fancybox\" rel=\"1460\">\n                <img\n                    title=\"rsz_dsc_0043\"\n                    alt=\"rsz_dsc_0043\"\n                    src=\"http:\/\/www.si-hr.eu\/si2\/wp-content\/uploads\/sites\/14\/nggallery\/slovenska-bistrica\/thumbs\/thumbs_rsz_dsc_0043.jpg\"\n                    width=\"240\"\n                    height=\"160\"\n                    style=\"max-width:100%;\"\n                \/>\n            <\/a>\n        <\/div>\n\t\t\t\t\t\t\t<\/div> \n\t\t\t\n        \n\t\t\t\t<div id=\"ngg-image-2\" class=\"ngg-gallery-thumbnail-box\" >\n\t\t\t\t        <div class=\"ngg-gallery-thumbnail\">\n            <a href=\"http:\/\/www.si-hr.eu\/si2\/wp-content\/uploads\/sites\/14\/nggallery\/slovenska-bistrica\/rsz_dsc_0047.jpg\"\n               title=\"\"\n               data-src=\"http:\/\/www.si-hr.eu\/si2\/wp-content\/uploads\/sites\/14\/nggallery\/slovenska-bistrica\/rsz_dsc_0047.jpg\"\n               data-thumbnail=\"http:\/\/www.si-hr.eu\/si2\/wp-content\/uploads\/sites\/14\/nggallery\/slovenska-bistrica\/thumbs\/thumbs_rsz_dsc_0047.jpg\"\n               data-image-id=\"169\"\n               data-title=\"rsz_dsc_0047\"\n               data-description=\"\"\n               data-image-slug=\"rsz_dsc_0047\"\n               class=\"ngg-fancybox\" rel=\"1460\">\n                <img\n                    title=\"rsz_dsc_0047\"\n                    alt=\"rsz_dsc_0047\"\n                    src=\"http:\/\/www.si-hr.eu\/si2\/wp-content\/uploads\/sites\/14\/nggallery\/slovenska-bistrica\/thumbs\/thumbs_rsz_dsc_0047.jpg\"\n                    width=\"240\"\n                    height=\"160\"\n                    style=\"max-width:100%;\"\n                \/>\n            <\/a>\n        <\/div>\n\t\t\t\t\t\t\t<\/div> \n\t\t\t\n        \n\t\t\t\t<div id=\"ngg-image-3\" class=\"ngg-gallery-thumbnail-box\" >\n\t\t\t\t        <div class=\"ngg-gallery-thumbnail\">\n            <a href=\"http:\/\/www.si-hr.eu\/si2\/wp-content\/uploads\/sites\/14\/nggallery\/slovenska-bistrica\/rsz_dsc_0053.jpg\"\n               title=\"\"\n               data-src=\"http:\/\/www.si-hr.eu\/si2\/wp-content\/uploads\/sites\/14\/nggallery\/slovenska-bistrica\/rsz_dsc_0053.jpg\"\n               data-thumbnail=\"http:\/\/www.si-hr.eu\/si2\/wp-content\/uploads\/sites\/14\/nggallery\/slovenska-bistrica\/thumbs\/thumbs_rsz_dsc_0053.jpg\"\n               data-image-id=\"170\"\n               data-title=\"rsz_dsc_0053\"\n               data-description=\"\"\n               data-image-slug=\"rsz_dsc_0053\"\n               class=\"ngg-fancybox\" rel=\"1460\">\n                <img\n                    title=\"rsz_dsc_0053\"\n                    alt=\"rsz_dsc_0053\"\n                    src=\"http:\/\/www.si-hr.eu\/si2\/wp-content\/uploads\/sites\/14\/nggallery\/slovenska-bistrica\/thumbs\/thumbs_rsz_dsc_0053.jpg\"\n                    width=\"240\"\n                    height=\"160\"\n                    style=\"max-width:100%;\"\n                \/>\n            <\/a>\n        <\/div>\n\t\t\t\t\t\t\t<\/div> \n\t\t\t\n        \n\t\t\t\t<div id=\"ngg-image-4\" class=\"ngg-gallery-thumbnail-box\" >\n\t\t\t\t        <div class=\"ngg-gallery-thumbnail\">\n            <a href=\"http:\/\/www.si-hr.eu\/si2\/wp-content\/uploads\/sites\/14\/nggallery\/slovenska-bistrica\/rsz_dsc_0058.jpg\"\n               title=\"\"\n               data-src=\"http:\/\/www.si-hr.eu\/si2\/wp-content\/uploads\/sites\/14\/nggallery\/slovenska-bistrica\/rsz_dsc_0058.jpg\"\n               data-thumbnail=\"http:\/\/www.si-hr.eu\/si2\/wp-content\/uploads\/sites\/14\/nggallery\/slovenska-bistrica\/thumbs\/thumbs_rsz_dsc_0058.jpg\"\n               data-image-id=\"171\"\n               data-title=\"rsz_dsc_0058\"\n               data-description=\"\"\n               data-image-slug=\"rsz_dsc_0058\"\n               class=\"ngg-fancybox\" rel=\"1460\">\n                <img\n                    title=\"rsz_dsc_0058\"\n                    alt=\"rsz_dsc_0058\"\n                    src=\"http:\/\/www.si-hr.eu\/si2\/wp-content\/uploads\/sites\/14\/nggallery\/slovenska-bistrica\/thumbs\/thumbs_rsz_dsc_0058.jpg\"\n                    width=\"240\"\n                    height=\"160\"\n                    style=\"max-width:100%;\"\n                \/>\n            <\/a>\n        <\/div>\n\t\t\t\t\t\t\t<\/div> \n\t\t\t\n        \n\t\t\t\t<div id=\"ngg-image-5\" class=\"ngg-gallery-thumbnail-box\" >\n\t\t\t\t        <div class=\"ngg-gallery-thumbnail\">\n            <a href=\"http:\/\/www.si-hr.eu\/si2\/wp-content\/uploads\/sites\/14\/nggallery\/slovenska-bistrica\/rsz_dsc_0062-1.jpg\"\n               title=\"\"\n               data-src=\"http:\/\/www.si-hr.eu\/si2\/wp-content\/uploads\/sites\/14\/nggallery\/slovenska-bistrica\/rsz_dsc_0062-1.jpg\"\n               data-thumbnail=\"http:\/\/www.si-hr.eu\/si2\/wp-content\/uploads\/sites\/14\/nggallery\/slovenska-bistrica\/thumbs\/thumbs_rsz_dsc_0062-1.jpg\"\n               data-image-id=\"172\"\n               data-title=\"rsz_dsc_0062 (1)\"\n               data-description=\"\"\n               data-image-slug=\"rsz_dsc_0062-1\"\n               class=\"ngg-fancybox\" rel=\"1460\">\n                <img\n                    title=\"rsz_dsc_0062 (1)\"\n                    alt=\"rsz_dsc_0062 (1)\"\n                    src=\"http:\/\/www.si-hr.eu\/si2\/wp-content\/uploads\/sites\/14\/nggallery\/slovenska-bistrica\/thumbs\/thumbs_rsz_dsc_0062-1.jpg\"\n                    width=\"240\"\n                    height=\"160\"\n                    style=\"max-width:100%;\"\n                \/>\n            <\/a>\n        <\/div>\n\t\t\t\t\t\t\t<\/div> \n\t\t\t\n        \n\t\t\t\t<div id=\"ngg-image-6\" class=\"ngg-gallery-thumbnail-box\" >\n\t\t\t\t        <div class=\"ngg-gallery-thumbnail\">\n            <a href=\"http:\/\/www.si-hr.eu\/si2\/wp-content\/uploads\/sites\/14\/nggallery\/slovenska-bistrica\/rsz_dsc_0077.jpg\"\n               title=\"\"\n               data-src=\"http:\/\/www.si-hr.eu\/si2\/wp-content\/uploads\/sites\/14\/nggallery\/slovenska-bistrica\/rsz_dsc_0077.jpg\"\n               data-thumbnail=\"http:\/\/www.si-hr.eu\/si2\/wp-content\/uploads\/sites\/14\/nggallery\/slovenska-bistrica\/thumbs\/thumbs_rsz_dsc_0077.jpg\"\n               data-image-id=\"173\"\n               data-title=\"rsz_dsc_0077\"\n               data-description=\"\"\n               data-image-slug=\"rsz_dsc_0077\"\n               class=\"ngg-fancybox\" rel=\"1460\">\n                <img\n                    title=\"rsz_dsc_0077\"\n                    alt=\"rsz_dsc_0077\"\n                    src=\"http:\/\/www.si-hr.eu\/si2\/wp-content\/uploads\/sites\/14\/nggallery\/slovenska-bistrica\/thumbs\/thumbs_rsz_dsc_0077.jpg\"\n                    width=\"240\"\n                    height=\"160\"\n                    style=\"max-width:100%;\"\n                \/>\n            <\/a>\n        <\/div>\n\t\t\t\t\t\t\t<\/div> \n\t\t\t\n        \n\t\t\t\t<div id=\"ngg-image-7\" class=\"ngg-gallery-thumbnail-box\" >\n\t\t\t\t        <div class=\"ngg-gallery-thumbnail\">\n            <a href=\"http:\/\/www.si-hr.eu\/si2\/wp-content\/uploads\/sites\/14\/nggallery\/slovenska-bistrica\/rsz_dsc_0082.jpg\"\n               title=\"\"\n               data-src=\"http:\/\/www.si-hr.eu\/si2\/wp-content\/uploads\/sites\/14\/nggallery\/slovenska-bistrica\/rsz_dsc_0082.jpg\"\n               data-thumbnail=\"http:\/\/www.si-hr.eu\/si2\/wp-content\/uploads\/sites\/14\/nggallery\/slovenska-bistrica\/thumbs\/thumbs_rsz_dsc_0082.jpg\"\n               data-image-id=\"174\"\n               data-title=\"rsz_dsc_0082\"\n               data-description=\"\"\n               data-image-slug=\"rsz_dsc_0082\"\n               class=\"ngg-fancybox\" rel=\"1460\">\n                <img\n                    title=\"rsz_dsc_0082\"\n                    alt=\"rsz_dsc_0082\"\n                    src=\"http:\/\/www.si-hr.eu\/si2\/wp-content\/uploads\/sites\/14\/nggallery\/slovenska-bistrica\/thumbs\/thumbs_rsz_dsc_0082.jpg\"\n                    width=\"240\"\n                    height=\"160\"\n                    style=\"max-width:100%;\"\n                \/>\n            <\/a>\n        <\/div>\n\t\t\t\t\t\t\t<\/div> \n\t\t\t\n        \n\t\t\t\t<div id=\"ngg-image-8\" class=\"ngg-gallery-thumbnail-box\" >\n\t\t\t\t        <div class=\"ngg-gallery-thumbnail\">\n            <a href=\"http:\/\/www.si-hr.eu\/si2\/wp-content\/uploads\/sites\/14\/nggallery\/slovenska-bistrica\/rsz_dsc_0086.jpg\"\n               title=\"\"\n               data-src=\"http:\/\/www.si-hr.eu\/si2\/wp-content\/uploads\/sites\/14\/nggallery\/slovenska-bistrica\/rsz_dsc_0086.jpg\"\n               data-thumbnail=\"http:\/\/www.si-hr.eu\/si2\/wp-content\/uploads\/sites\/14\/nggallery\/slovenska-bistrica\/thumbs\/thumbs_rsz_dsc_0086.jpg\"\n               data-image-id=\"175\"\n               data-title=\"rsz_dsc_0086\"\n               data-description=\"\"\n               data-image-slug=\"rsz_dsc_0086\"\n               class=\"ngg-fancybox\" rel=\"1460\">\n                <img\n                    title=\"rsz_dsc_0086\"\n                    alt=\"rsz_dsc_0086\"\n                    src=\"http:\/\/www.si-hr.eu\/si2\/wp-content\/uploads\/sites\/14\/nggallery\/slovenska-bistrica\/thumbs\/thumbs_rsz_dsc_0086.jpg\"\n                    width=\"240\"\n                    height=\"160\"\n                    style=\"max-width:100%;\"\n                \/>\n            <\/a>\n        <\/div>\n\t\t\t\t\t\t\t<\/div> \n\t\t\t\n        \n\t\t\t\t<div id=\"ngg-image-9\" class=\"ngg-gallery-thumbnail-box\" >\n\t\t\t\t        <div class=\"ngg-gallery-thumbnail\">\n            <a href=\"http:\/\/www.si-hr.eu\/si2\/wp-content\/uploads\/sites\/14\/nggallery\/slovenska-bistrica\/rsz_dsc_0096.jpg\"\n               title=\"\"\n               data-src=\"http:\/\/www.si-hr.eu\/si2\/wp-content\/uploads\/sites\/14\/nggallery\/slovenska-bistrica\/rsz_dsc_0096.jpg\"\n               data-thumbnail=\"http:\/\/www.si-hr.eu\/si2\/wp-content\/uploads\/sites\/14\/nggallery\/slovenska-bistrica\/thumbs\/thumbs_rsz_dsc_0096.jpg\"\n               data-image-id=\"176\"\n               data-title=\"rsz_dsc_0096\"\n               data-description=\"\"\n               data-image-slug=\"rsz_dsc_0096\"\n               class=\"ngg-fancybox\" rel=\"1460\">\n                <img\n                    title=\"rsz_dsc_0096\"\n                    alt=\"rsz_dsc_0096\"\n                    src=\"http:\/\/www.si-hr.eu\/si2\/wp-content\/uploads\/sites\/14\/nggallery\/slovenska-bistrica\/thumbs\/thumbs_rsz_dsc_0096.jpg\"\n                    width=\"240\"\n                    height=\"160\"\n                    style=\"max-width:100%;\"\n                \/>\n            <\/a>\n        <\/div>\n\t\t\t\t\t\t\t<\/div> \n\t\t\t\n        \n\t\t\n\t\t<!-- Pagination -->\n\t<div class='ngg-navigation'><span class='current'>1<\/span>\n<a class='page-numbers' data-pageid='2' href='http:\/\/www.si-hr.eu\/si2\/2016\/10\/18\/46-milijona-evrov-za-prve-projekte-v-okviru-programa-sodelovanja-med-slovenijo-in-hrvasko-2\/nggallery\/page\/2'>2<\/a>\n<a class='prev' href='http:\/\/www.si-hr.eu\/si2\/2016\/10\/18\/46-milijona-evrov-za-prve-projekte-v-okviru-programa-sodelovanja-med-slovenijo-in-hrvasko-2\/nggallery\/page\/2' data-pageid=2>&#9658;<\/a><\/div>\t<\/div>\n<\/p>\n","protected":false},"excerpt":{"rendered":"<p>Danes so bile podpisane pogodbe o sofinanciranju iz sredstev Evropskega sklada za regionalni razvoj (ESRR) v okviru Programa sodelovanja Interreg V-A Slovenija-Hrva\u0161ka 2014\u20132020. <\/p>\n","protected":false},"author":1,"featured_media":238,"comment_status":"closed","ping_status":"open","sticky":false,"template":"","format":"standard","meta":{"ngg_post_thumbnail":0},"categories":[3,8],"tags":[],"acf":[],"_links":{"self":[{"href":"http:\/\/www.si-hr.eu\/si2\/wp-json\/wp\/v2\/posts\/1464"}],"collection":[{"href":"http:\/\/www.si-hr.eu\/si2\/wp-json\/wp\/v2\/posts"}],"about":[{"href":"http:\/\/www.si-hr.eu\/si2\/wp-json\/wp\/v2\/types\/post"}],"author":[{"embeddable":true,"href":"http:\/\/www.si-hr.eu\/si2\/wp-json\/wp\/v2\/users\/1"}],"replies":[{"embeddable":true,"href":"http:\/\/www.si-hr.eu\/si2\/wp-json\/wp\/v2\/comments?post=1464"}],"version-history":[{"count":1,"href":"http:\/\/www.si-hr.eu\/si2\/wp-json\/wp\/v2\/posts\/1464\/revisions"}],"predecessor-version":[{"id":1465,"href":"http:\/\/www.si-hr.eu\/si2\/wp-json\/wp\/v2\/posts\/1464\/revisions\/1465"}],"wp:featuredmedia":[{"embeddable":true,"href":"http:\/\/www.si-hr.eu\/si2\/wp-json\/wp\/v2\/media\/238"}],"wp:attachment":[{"href":"http:\/\/www.si-hr.eu\/si2\/wp-json\/wp\/v2\/media?parent=1464"}],"wp:term":[{"taxonomy":"category","embeddable":true,"href":"http:\/\/www.si-hr.eu\/si2\/wp-json\/wp\/v2\/categories?post=1464"},{"taxonomy":"post_tag","embeddable":true,"href":"http:\/\/www.si-hr.eu\/si2\/wp-json\/wp\/v2\/tags?post=1464"}],"curies":[{"name":"wp","href":"https:\/\/api.w.org\/{rel}","templated":true}]}}