{"id":2139,"date":"2016-12-23T08:27:27","date_gmt":"2016-12-23T07:27:27","guid":{"rendered":"http:\/\/www.si-hr.eu\/si2\/?p=2139"},"modified":"2016-12-23T08:41:11","modified_gmt":"2016-12-23T07:41:11","slug":"vesele-praznike","status":"publish","type":"post","link":"http:\/\/www.si-hr.eu\/si2\/2016\/12\/23\/vesele-praznike\/","title":{"rendered":"Vesele praznike!"},"content":{"rendered":"<p><a href=\"http:\/\/www.si-hr.eu\/si2\/wp-content\/uploads\/sites\/14\/2016\/12\/si-hr_2017.jpg\"><img decoding=\"async\" loading=\"lazy\" class=\"alignleft size-full wp-image-2140\" src=\"http:\/\/www.si-hr.eu\/si2\/wp-content\/uploads\/sites\/14\/2016\/12\/si-hr_2017.jpg\" alt=\"si-hr_2017\" width=\"660\" height=\"449\" srcset=\"http:\/\/www.si-hr.eu\/si2\/wp-content\/uploads\/sites\/14\/2016\/12\/si-hr_2017.jpg 660w, http:\/\/www.si-hr.eu\/si2\/wp-content\/uploads\/sites\/14\/2016\/12\/si-hr_2017-300x204.jpg 300w, http:\/\/www.si-hr.eu\/si2\/wp-content\/uploads\/sites\/14\/2016\/12\/si-hr_2017-600x408.jpg 600w, http:\/\/www.si-hr.eu\/si2\/wp-content\/uploads\/sites\/14\/2016\/12\/si-hr_2017-450x306.jpg 450w\" sizes=\"(max-width: 660px) 100vw, 660px\" \/><\/a><\/p>\n","protected":false},"excerpt":{"rendered":"<p>Vesele praznike in uspe\u0161no novo leto 2017 vam \u017eelijo Organ upravljanja, Skupni tehni\u010dni sekretariat OP Slovenija-Hrva\u0161ka 2007-2013 in Skupni sekretariat PS Slovenija-Hrva\u0161ka 2014-2020!<\/p>\n","protected":false},"author":1,"featured_media":2140,"comment_status":"closed","ping_status":"open","sticky":false,"template":"","format":"standard","meta":{"ngg_post_thumbnail":0},"categories":[3,8],"tags":[],"acf":[],"_links":{"self":[{"href":"http:\/\/www.si-hr.eu\/si2\/wp-json\/wp\/v2\/posts\/2139"}],"collection":[{"href":"http:\/\/www.si-hr.eu\/si2\/wp-json\/wp\/v2\/posts"}],"about":[{"href":"http:\/\/www.si-hr.eu\/si2\/wp-json\/wp\/v2\/types\/post"}],"author":[{"embeddable":true,"href":"http:\/\/www.si-hr.eu\/si2\/wp-json\/wp\/v2\/users\/1"}],"replies":[{"embeddable":true,"href":"http:\/\/www.si-hr.eu\/si2\/wp-json\/wp\/v2\/comments?post=2139"}],"version-history":[{"count":3,"href":"http:\/\/www.si-hr.eu\/si2\/wp-json\/wp\/v2\/posts\/2139\/revisions"}],"predecessor-version":[{"id":4250,"href":"http:\/\/www.si-hr.eu\/si2\/wp-json\/wp\/v2\/posts\/2139\/revisions\/4250"}],"wp:featuredmedia":[{"embeddable":true,"href":"http:\/\/www.si-hr.eu\/si2\/wp-json\/wp\/v2\/media\/2140"}],"wp:attachment":[{"href":"http:\/\/www.si-hr.eu\/si2\/wp-json\/wp\/v2\/media?parent=2139"}],"wp:term":[{"taxonomy":"category","embeddable":true,"href":"http:\/\/www.si-hr.eu\/si2\/wp-json\/wp\/v2\/categories?post=2139"},{"taxonomy":"post_tag","embeddable":true,"href":"http:\/\/www.si-hr.eu\/si2\/wp-json\/wp\/v2\/tags?post=2139"}],"curies":[{"name":"wp","href":"https:\/\/api.w.org\/{rel}","templated":true}]}}