{"id":2167,"date":"2017-01-24T12:12:37","date_gmt":"2017-01-24T11:12:37","guid":{"rendered":"http:\/\/www.si-hr.eu\/si2\/?p=2167"},"modified":"2017-01-24T12:35:38","modified_gmt":"2017-01-24T11:35:38","slug":"podpisan-sporazum-o-sodelovanju-si-hr","status":"publish","type":"post","link":"http:\/\/www.si-hr.eu\/si2\/2017\/01\/24\/podpisan-sporazum-o-sodelovanju-si-hr\/","title":{"rendered":"Podpisan Sporazum o sodelovanju med Slovenijo in Hrva\u0161ko v okviru Programa sodelovanja Interreg V-A Slovenija-Hrva\u0161ka"},"content":{"rendered":"<p>Sporo\u010damo, da je v okviru <strong>Programa sodelovanja Interreg V-A Slovenija-Hrva\u0161ka<\/strong> podpisan<strong> <a href=\"http:\/\/www.si-hr.eu\/si2\/program\/programski-dokumenti-2\/\" target=\"_blank\">Sporazum o sodelovanju med Republiko Slovenijo in Republiko Hrva\u0161ko ter programskimi strukturami<\/a><\/strong>.<\/p>\n<p>V sporazumu sta se dr\u017eavi in programske strukture zavezali k dobremu upravljanju s programom sodelovanja ter podrobneje opredelili medsebojne naloge in obveznosti, predvsem v smislu finan\u010dnega upravljanja, vzpostavitvi sistema kontrol in revizij ter vzpostavitvi skupnih struktur za uspe\u0161no izvajanje programa.<\/p>\n","protected":false},"excerpt":{"rendered":"<p>Sporo\u010damo, da je v okviru Programa sodelovanja Interreg V-A Slovenija-Hrva\u0161ka podpisan Sporazum o sodelovanju med Republiko Slovenijo in Republiko Hrva\u0161ko ter programskimi strukturami.<\/p>\n","protected":false},"author":1,"featured_media":2169,"comment_status":"closed","ping_status":"open","sticky":false,"template":"","format":"standard","meta":{"ngg_post_thumbnail":0},"categories":[3,8],"tags":[],"acf":[],"_links":{"self":[{"href":"http:\/\/www.si-hr.eu\/si2\/wp-json\/wp\/v2\/posts\/2167"}],"collection":[{"href":"http:\/\/www.si-hr.eu\/si2\/wp-json\/wp\/v2\/posts"}],"about":[{"href":"http:\/\/www.si-hr.eu\/si2\/wp-json\/wp\/v2\/types\/post"}],"author":[{"embeddable":true,"href":"http:\/\/www.si-hr.eu\/si2\/wp-json\/wp\/v2\/users\/1"}],"replies":[{"embeddable":true,"href":"http:\/\/www.si-hr.eu\/si2\/wp-json\/wp\/v2\/comments?post=2167"}],"version-history":[{"count":3,"href":"http:\/\/www.si-hr.eu\/si2\/wp-json\/wp\/v2\/posts\/2167\/revisions"}],"predecessor-version":[{"id":2172,"href":"http:\/\/www.si-hr.eu\/si2\/wp-json\/wp\/v2\/posts\/2167\/revisions\/2172"}],"wp:featuredmedia":[{"embeddable":true,"href":"http:\/\/www.si-hr.eu\/si2\/wp-json\/wp\/v2\/media\/2169"}],"wp:attachment":[{"href":"http:\/\/www.si-hr.eu\/si2\/wp-json\/wp\/v2\/media?parent=2167"}],"wp:term":[{"taxonomy":"category","embeddable":true,"href":"http:\/\/www.si-hr.eu\/si2\/wp-json\/wp\/v2\/categories?post=2167"},{"taxonomy":"post_tag","embeddable":true,"href":"http:\/\/www.si-hr.eu\/si2\/wp-json\/wp\/v2\/tags?post=2167"}],"curies":[{"name":"wp","href":"https:\/\/api.w.org\/{rel}","templated":true}]}}