{"id":2434,"date":"2017-05-16T08:27:51","date_gmt":"2017-05-16T07:27:51","guid":{"rendered":"http:\/\/www.si-hr.eu\/si2\/?p=2434"},"modified":"2017-05-16T08:27:51","modified_gmt":"2017-05-16T07:27:51","slug":"interreg-volunteer-youth-ivy","status":"publish","type":"post","link":"http:\/\/www.si-hr.eu\/si2\/2017\/05\/16\/interreg-volunteer-youth-ivy\/","title":{"rendered":"\u201cInterreg Volunteer Youth\u201d (IVY)"},"content":{"rendered":"\n<style type=\"text\/css\" data-created_by=\"avia_inline_auto\" id=\"style-css-av-av_image-cf20f4bc9867fc1ad3b8cc91cef58f69\">\n.avia-image-container.av-av_image-cf20f4bc9867fc1ad3b8cc91cef58f69 .av-image-caption-overlay-center{\ncolor:#ffffff;\n}\n<\/style>\n<div  class='avia-image-container av-av_image-cf20f4bc9867fc1ad3b8cc91cef58f69 av-styling- avia-align-center  avia-builder-el-0  el_before_av_textblock  avia-builder-el-first '  itemprop=\"image\" itemscope=\"itemscope\" itemtype=\"https:\/\/schema.org\/ImageObject\" ><div class=\"avia-image-container-inner\"><div class=\"avia-image-overlay-wrap\"><img decoding=\"async\" class='wp-image-2433 avia-img-lazy-loading-not-2433 avia_image' src=\"http:\/\/www.si-hr.eu\/si2\/wp-content\/uploads\/sites\/14\/2017\/05\/Interreg-Volunteer-Youth.jpg\" alt='' title='Interreg Volunteer Youth'  height=\"241\" width=\"714\"  itemprop=\"thumbnailUrl\" srcset=\"http:\/\/www.si-hr.eu\/si2\/wp-content\/uploads\/sites\/14\/2017\/05\/Interreg-Volunteer-Youth.jpg 714w, http:\/\/www.si-hr.eu\/si2\/wp-content\/uploads\/sites\/14\/2017\/05\/Interreg-Volunteer-Youth-300x101.jpg 300w, http:\/\/www.si-hr.eu\/si2\/wp-content\/uploads\/sites\/14\/2017\/05\/Interreg-Volunteer-Youth-600x203.jpg 600w, http:\/\/www.si-hr.eu\/si2\/wp-content\/uploads\/sites\/14\/2017\/05\/Interreg-Volunteer-Youth-710x241.jpg 710w, http:\/\/www.si-hr.eu\/si2\/wp-content\/uploads\/sites\/14\/2017\/05\/Interreg-Volunteer-Youth-705x238.jpg 705w, http:\/\/www.si-hr.eu\/si2\/wp-content\/uploads\/sites\/14\/2017\/05\/Interreg-Volunteer-Youth-450x152.jpg 450w\" sizes=\"(max-width: 714px) 100vw, 714px\" \/><\/div><\/div><\/div>\n<section  class='av_textblock_section av-av_textblock-0366cc7376be6c9e82a3e9cc8987b64f'  itemscope=\"itemscope\" itemtype=\"https:\/\/schema.org\/BlogPosting\" itemprop=\"blogPost\" ><div class='avia_textblock'  itemprop=\"text\" ><h3>\u201cInterreg Volunteer Youth\u201d (IVY)<\/h3>\n<p>\u201cInterreg Volunteer Youth\u201d (IVY) ponuja mo\u017enost mladim Evropejcem, starim od 18 do 30 let, da\u00a0se lahko vklju\u010dijo\u00a0kot prostovoljci v \u010dezmejne, transnacionalne in medregionalne programe in s tem povezane projekte.<\/p>\n<p>Pobuda je namenjena vklju\u010devanju mladih prostovoljcev za podporo, spodbujanje in poro\u010danje o konkretnih dose\u017ekih Interreg programov in projektov.<\/p>\n<div class=\"wpfilebase-file-default\" onclick=\"if('undefined' == typeof event.target.href) document.getElementById('wpfb-file-link-1').click();\">\r\n  <div class=\"icon\"><a href=\"http:\/\/www.si-hr.eu\/si2\/download\/Interreg-Volunteer-Youth.pdf\" target=\"_blank\" title=\"Download Interreg Volunteer Youth\"><img align=\"middle\" src=\"http:\/\/www.si-hr.eu\/si2\/wp-includes\/images\/crystal\/document.png\" alt=\"Interreg Volunteer Youth\" \/><\/a><\/div>\r\n  <div class=\"filetitle\">\r\n    <a href=\"http:\/\/www.si-hr.eu\/si2\/download\/Interreg-Volunteer-Youth.pdf\" title=\"Download Interreg Volunteer Youth\" target=\"_blank\" id=\"wpfb-file-link-1\">Interreg Volunteer Youth<\/a>\r\n    \r\n    <br \/>\r\n    Interreg-Volunteer-Youth.pdf<br \/>\r\n    \r\n  <\/div>\r\n  <div class=\"info\">\r\n    1.3 MiB<br \/>\r\n    352 Downloads<br \/>\r\n    <a href=\"#\" onclick=\"return wpfilebase_filedetails(1);\">Podrobnosti<\/a>\r\n  <\/div>\r\n  <div class=\"details\" id=\"wpfilebase-filedetails1\" style=\"display: none;\">\r\n  \r\n  <table border=\"0\">\r\n   \r\n   \r\n   \r\n   \r\n   \r\n   \r\n   <tr><td><strong>Datum:<\/strong><\/td><td>16. 5. 2017<\/td><\/tr>\r\n  <\/table>\r\n  <\/div>\r\n <div style=\"clear: both;\"><\/div>\r\n<\/div>\n<\/div><\/section>\n","protected":false},"excerpt":{"rendered":"<p>\u201cInterreg Volunteer Youth\u201d (IVY) ponuja mo\u017enost mladim Evropejcem, starim od 18 do 30 let, da se lahko vklju\u010dijo kot prostovoljci v \u010dezmejne, transnacionalne in medregionalne programe in s tem povezane projekte.<\/p>\n","protected":false},"author":1,"featured_media":2433,"comment_status":"closed","ping_status":"open","sticky":false,"template":"","format":"standard","meta":{"ngg_post_thumbnail":0},"categories":[3,8],"tags":[],"acf":[],"_links":{"self":[{"href":"http:\/\/www.si-hr.eu\/si2\/wp-json\/wp\/v2\/posts\/2434"}],"collection":[{"href":"http:\/\/www.si-hr.eu\/si2\/wp-json\/wp\/v2\/posts"}],"about":[{"href":"http:\/\/www.si-hr.eu\/si2\/wp-json\/wp\/v2\/types\/post"}],"author":[{"embeddable":true,"href":"http:\/\/www.si-hr.eu\/si2\/wp-json\/wp\/v2\/users\/1"}],"replies":[{"embeddable":true,"href":"http:\/\/www.si-hr.eu\/si2\/wp-json\/wp\/v2\/comments?post=2434"}],"version-history":[{"count":3,"href":"http:\/\/www.si-hr.eu\/si2\/wp-json\/wp\/v2\/posts\/2434\/revisions"}],"predecessor-version":[{"id":2437,"href":"http:\/\/www.si-hr.eu\/si2\/wp-json\/wp\/v2\/posts\/2434\/revisions\/2437"}],"wp:featuredmedia":[{"embeddable":true,"href":"http:\/\/www.si-hr.eu\/si2\/wp-json\/wp\/v2\/media\/2433"}],"wp:attachment":[{"href":"http:\/\/www.si-hr.eu\/si2\/wp-json\/wp\/v2\/media?parent=2434"}],"wp:term":[{"taxonomy":"category","embeddable":true,"href":"http:\/\/www.si-hr.eu\/si2\/wp-json\/wp\/v2\/categories?post=2434"},{"taxonomy":"post_tag","embeddable":true,"href":"http:\/\/www.si-hr.eu\/si2\/wp-json\/wp\/v2\/tags?post=2434"}],"curies":[{"name":"wp","href":"https:\/\/api.w.org\/{rel}","templated":true}]}}