{"id":2777,"date":"2017-09-22T11:08:30","date_gmt":"2017-09-22T10:08:30","guid":{"rendered":"http:\/\/www.si-hr.eu\/si2\/?p=2777"},"modified":"2017-09-22T11:08:30","modified_gmt":"2017-09-22T10:08:30","slug":"opomnik-le-se-5-dni-za-oddajo-projektnih-vlog-2","status":"publish","type":"post","link":"http:\/\/www.si-hr.eu\/si2\/2017\/09\/22\/opomnik-le-se-5-dni-za-oddajo-projektnih-vlog-2\/","title":{"rendered":"OPOMNIK \u2013 le \u0161e 5 dni za oddajo projektnih vlog"},"content":{"rendered":"<p><strong>V sredo, 27 septembra 2017, ob 12.00 uri (CET) <\/strong>bo potekel 3. rok za oddajo projektnih vlog v okviru Javnega razpisa za predlo\u017eitev projektov Programa sodelovanja Interreg V-A Slovenija-Hrva\u0161ka.<\/p>\n<p>V zvezi z bli\u017eajo\u010dim se potekom roka vas pozivamo, da va\u0161e projektne vloge oddate \u010dim prej in ne \u010dakate do zadnjega trenutka.<\/p>\n<p><strong>V okviru Skupnega sekretariata Programa sodelovanja Interreg V-A Slovenija-Hrva\u0161ka vam bo na dan roka vsebinska podpora in podpora v zvezi z vnosom v sistem eMS na voljo <u>do 12. ure in sicer na telefonskih \u0161tevilkah \u010dlanov Skupnega sekretariata, ki so objavljeni na programski spletni strani.<\/u><\/strong><\/p>\n<p>Tehni\u010dna podpora (v primeru morebitne nedostopnosti elektronskega sistema) bo prav tako na voljo <strong><u>do 12. ure<\/u> in sicer na naslednji telefonski \u0161tevilki: 01 400 34 52.<\/strong><\/p>\n<p>\u017delimo vam uspe\u0161no oddajo projektov.<\/p>\n<p>&nbsp;<\/p>\n<p>&nbsp;<\/p>\n","protected":false},"excerpt":{"rendered":"<p>V sredo, 27 septembra 2017, ob 12.00 uri (CET) bo potekel 3. rok za oddajo projektnih vlog v okviru Javnega razpisa za predlo\u017eitev projektov Programa sodelovanja Interreg V-A Slovenija-Hrva\u0161ka.<\/p>\n","protected":false},"author":1,"featured_media":2778,"comment_status":"closed","ping_status":"open","sticky":false,"template":"","format":"standard","meta":{"ngg_post_thumbnail":0},"categories":[3,8],"tags":[],"acf":[],"_links":{"self":[{"href":"http:\/\/www.si-hr.eu\/si2\/wp-json\/wp\/v2\/posts\/2777"}],"collection":[{"href":"http:\/\/www.si-hr.eu\/si2\/wp-json\/wp\/v2\/posts"}],"about":[{"href":"http:\/\/www.si-hr.eu\/si2\/wp-json\/wp\/v2\/types\/post"}],"author":[{"embeddable":true,"href":"http:\/\/www.si-hr.eu\/si2\/wp-json\/wp\/v2\/users\/1"}],"replies":[{"embeddable":true,"href":"http:\/\/www.si-hr.eu\/si2\/wp-json\/wp\/v2\/comments?post=2777"}],"version-history":[{"count":3,"href":"http:\/\/www.si-hr.eu\/si2\/wp-json\/wp\/v2\/posts\/2777\/revisions"}],"predecessor-version":[{"id":2781,"href":"http:\/\/www.si-hr.eu\/si2\/wp-json\/wp\/v2\/posts\/2777\/revisions\/2781"}],"wp:featuredmedia":[{"embeddable":true,"href":"http:\/\/www.si-hr.eu\/si2\/wp-json\/wp\/v2\/media\/2778"}],"wp:attachment":[{"href":"http:\/\/www.si-hr.eu\/si2\/wp-json\/wp\/v2\/media?parent=2777"}],"wp:term":[{"taxonomy":"category","embeddable":true,"href":"http:\/\/www.si-hr.eu\/si2\/wp-json\/wp\/v2\/categories?post=2777"},{"taxonomy":"post_tag","embeddable":true,"href":"http:\/\/www.si-hr.eu\/si2\/wp-json\/wp\/v2\/tags?post=2777"}],"curies":[{"name":"wp","href":"https:\/\/api.w.org\/{rel}","templated":true}]}}