{"id":2930,"date":"2017-12-22T11:25:23","date_gmt":"2017-12-22T10:25:23","guid":{"rendered":"http:\/\/www.si-hr.eu\/si2\/?p=2930"},"modified":"2017-12-22T11:41:21","modified_gmt":"2017-12-22T10:41:21","slug":"novoletno-voscilo","status":"publish","type":"post","link":"http:\/\/www.si-hr.eu\/si2\/2017\/12\/22\/novoletno-voscilo\/","title":{"rendered":"Novoletno vo\u0161\u010dilo"},"content":{"rendered":"<article  class='iconbox iconbox_left av-av_icon_box-388d49d77978e370c37b92791fe0b5fc  avia-builder-el-0  avia-builder-el-no-sibling '  itemscope=\"itemscope\" itemtype=\"https:\/\/schema.org\/BlogPosting\" itemprop=\"blogPost\" ><div class=\"iconbox_content\"><header class=\"entry-content-header\"><div class=\"iconbox_icon heading-color\" aria-hidden='true' data-av_icon='\ue80e' data-av_iconfont='entypo-fontello'><\/div><h3 class='iconbox_content_title '  itemprop=\"headline\" >VO\u0160\u010cILO<\/h3><\/header><div class='iconbox_content_container '  itemprop=\"text\" ><p>Vesele praznike in uspe\u0161no novo leto vam \u017eelimo Organ upravljanja in Skupni sekretariat PS Slovenija-Hrva\u0161ka 2014-2020!<\/p>\n<a href=\"http:\/\/www.si-hr.eu\/si2\/download\/Cestitka-Greetings.pps\" >Vo\u0161\u010dilnica se nahaja na naslednji povezavi<\/a>\n<\/div><\/div><footer class=\"entry-footer\"><\/footer><\/article>\n","protected":false},"excerpt":{"rendered":"<p>Vesele praznike in uspe\u0161no novo leto vam \u017eelimo Organ upravljanja in Skupni sekretariat PS Slovenija-Hrva\u0161ka 2014-2020!<\/p>\n","protected":false},"author":1,"featured_media":2936,"comment_status":"closed","ping_status":"open","sticky":false,"template":"","format":"standard","meta":{"ngg_post_thumbnail":0},"categories":[3,8],"tags":[],"acf":[],"_links":{"self":[{"href":"http:\/\/www.si-hr.eu\/si2\/wp-json\/wp\/v2\/posts\/2930"}],"collection":[{"href":"http:\/\/www.si-hr.eu\/si2\/wp-json\/wp\/v2\/posts"}],"about":[{"href":"http:\/\/www.si-hr.eu\/si2\/wp-json\/wp\/v2\/types\/post"}],"author":[{"embeddable":true,"href":"http:\/\/www.si-hr.eu\/si2\/wp-json\/wp\/v2\/users\/1"}],"replies":[{"embeddable":true,"href":"http:\/\/www.si-hr.eu\/si2\/wp-json\/wp\/v2\/comments?post=2930"}],"version-history":[{"count":8,"href":"http:\/\/www.si-hr.eu\/si2\/wp-json\/wp\/v2\/posts\/2930\/revisions"}],"predecessor-version":[{"id":2947,"href":"http:\/\/www.si-hr.eu\/si2\/wp-json\/wp\/v2\/posts\/2930\/revisions\/2947"}],"wp:featuredmedia":[{"embeddable":true,"href":"http:\/\/www.si-hr.eu\/si2\/wp-json\/wp\/v2\/media\/2936"}],"wp:attachment":[{"href":"http:\/\/www.si-hr.eu\/si2\/wp-json\/wp\/v2\/media?parent=2930"}],"wp:term":[{"taxonomy":"category","embeddable":true,"href":"http:\/\/www.si-hr.eu\/si2\/wp-json\/wp\/v2\/categories?post=2930"},{"taxonomy":"post_tag","embeddable":true,"href":"http:\/\/www.si-hr.eu\/si2\/wp-json\/wp\/v2\/tags?post=2930"}],"curies":[{"name":"wp","href":"https:\/\/api.w.org\/{rel}","templated":true}]}}