{"id":3117,"date":"2018-05-03T08:36:58","date_gmt":"2018-05-03T07:36:58","guid":{"rendered":"http:\/\/www.si-hr.eu\/si2\/?p=3117"},"modified":"2018-05-03T08:36:58","modified_gmt":"2018-05-03T07:36:58","slug":"teden-sredstev-eu","status":"publish","type":"post","link":"http:\/\/www.si-hr.eu\/si2\/2018\/05\/03\/teden-sredstev-eu\/","title":{"rendered":"Teden sredstev EU"},"content":{"rendered":"<section  class='av_textblock_section av-av_textblock-2de302bf1aa3cf4c9157dbe6f50ac7eb'  itemscope=\"itemscope\" itemtype=\"https:\/\/schema.org\/BlogPosting\" itemprop=\"blogPost\" ><div class='avia_textblock'  itemprop=\"text\" ><h3><strong>Teden sredstev EU<br \/>\n<\/strong><\/h3>\n<p>V organizaciji Ministarstva regionalnog razvoja i fondova Europske unije se je od 24. do 27. aprila 2018, v Zagrebu, \u0160ibeniku in Mariji Bistrici odvijal &#8220;Teden sredstev EU &#8220;.<br \/>\n&#8220;Teden sredstev EU &#8221; je izobra\u017eevalni in informativni dogodek, ki ga od leta 2013 izvaja Ministarstvo regionalnog razvoja i fondova Europske unije v sodelovanju s kolegi iz drugih institucij ter v sestavi upravljanja in nadzora sredstev EU, v sklopu katerega se \u0161ir\u0161i javnosti, uporabnikom in potencialnim uporabnikom predstavi aktualne mo\u017enosti financiranja iz skladov EU, rezultate, uspe\u0161ne projekte in izzive, s katerimi se sre\u010duje ve\u010dina prosilcev.<br \/>\nV petek, 27. aprila 2018 so v dvorani City Plaza centra v Zagrebu predstavili mo\u017enosti financiranja v okviru programov evropskega teritorialnega sodelovanja in Programov Unije.<br \/>\nPredstavniki Ministarstva regionalnoga razvoja i fondova Europske unije so med programi evropskega teritorialnega sodelovanja predstavili tudi Program sodelovanja Interreg V-A Slovenija-Hrva\u0161ka in odgovarjali na vpra\u0161anja udele\u017eencev.<br \/>\nPredstavniki Primorsko-goranske \u017eupanije iz Upravnog odjela za turizam, poduzetni\u0161tvo i ruralni razvoj so iz Programa sodelovanja Interreg V-A Slovenija-Hrva\u0161ka predstavili projekt &#8220;Mala barka 2&#8221;, izku\u0161nje in izzive pri njegovem izvajanju.<br \/>\n<strong>\u00a0<\/strong><\/p>\n<\/div><\/section>\n\n<style type=\"text\/css\" data-created_by=\"avia_inline_auto\" id=\"style-css-av-av_gallery-fb442507effce25bf62d47c2f123daff\">\n#top .avia-gallery.av-av_gallery-fb442507effce25bf62d47c2f123daff .avia-gallery-thumb a{\nwidth:20%;\n}\n<\/style>\n<div  class='avia-gallery av-av_gallery-fb442507effce25bf62d47c2f123daff avia_animate_when_visible  avia-builder-el-1  el_after_av_textblock  avia-builder-el-last  avia_lazyload avia-gallery-animate avia-gallery-1'  itemprop=\"image\" itemscope=\"itemscope\" itemtype=\"https:\/\/schema.org\/ImageObject\" ><div class='avia-gallery-thumb'> <a href=\"http:\/\/www.si-hr.eu\/si2\/wp-content\/uploads\/sites\/14\/2018\/05\/Tjedan-EU-fondova-002.jpg\" data-srcset=\"http:\/\/www.si-hr.eu\/si2\/wp-content\/uploads\/sites\/14\/2018\/05\/Tjedan-EU-fondova-002.jpg 960w, http:\/\/www.si-hr.eu\/si2\/wp-content\/uploads\/sites\/14\/2018\/05\/Tjedan-EU-fondova-002-80x80.jpg 80w, http:\/\/www.si-hr.eu\/si2\/wp-content\/uploads\/sites\/14\/2018\/05\/Tjedan-EU-fondova-002-300x300.jpg 300w, http:\/\/www.si-hr.eu\/si2\/wp-content\/uploads\/sites\/14\/2018\/05\/Tjedan-EU-fondova-002-768x768.jpg 768w, http:\/\/www.si-hr.eu\/si2\/wp-content\/uploads\/sites\/14\/2018\/05\/Tjedan-EU-fondova-002-600x600.jpg 600w, http:\/\/www.si-hr.eu\/si2\/wp-content\/uploads\/sites\/14\/2018\/05\/Tjedan-EU-fondova-002-36x36.jpg 36w, http:\/\/www.si-hr.eu\/si2\/wp-content\/uploads\/sites\/14\/2018\/05\/Tjedan-EU-fondova-002-180x180.jpg 180w, http:\/\/www.si-hr.eu\/si2\/wp-content\/uploads\/sites\/14\/2018\/05\/Tjedan-EU-fondova-002-705x705.jpg 705w, http:\/\/www.si-hr.eu\/si2\/wp-content\/uploads\/sites\/14\/2018\/05\/Tjedan-EU-fondova-002-120x120.jpg 120w, http:\/\/www.si-hr.eu\/si2\/wp-content\/uploads\/sites\/14\/2018\/05\/Tjedan-EU-fondova-002-450x450.jpg 450w\" data-sizes=\"(max-width: 960px) 100vw, 960px\" data-rel='gallery-1' data-prev-img='http:\/\/www.si-hr.eu\/si2\/wp-content\/uploads\/sites\/14\/2018\/05\/Tjedan-EU-fondova-002-495x400.jpg' class='first_thumb lightbox ' data-onclick='1' title='Tjedan EU fondova 002'  itemprop=\"thumbnailUrl\"  ><img decoding=\"async\" class=\"wp-image-3119 avia-img-lazy-loading-not-3119\"   src=\"http:\/\/www.si-hr.eu\/si2\/wp-content\/uploads\/sites\/14\/2018\/05\/Tjedan-EU-fondova-002-495x400.jpg\" width=\"495\" height=\"400\"  title='Tjedan EU fondova 002' alt='' srcset=\"http:\/\/www.si-hr.eu\/si2\/wp-content\/uploads\/sites\/14\/2018\/05\/Tjedan-EU-fondova-002-495x400.jpg 495w, http:\/\/www.si-hr.eu\/si2\/wp-content\/uploads\/sites\/14\/2018\/05\/Tjedan-EU-fondova-002-845x684.jpg 845w\" sizes=\"(max-width: 495px) 100vw, 495px\" \/><\/a> <a href=\"http:\/\/www.si-hr.eu\/si2\/wp-content\/uploads\/sites\/14\/2018\/05\/Tjedan-EU-fondova-001-773x1030.jpg\" data-srcset=\"http:\/\/www.si-hr.eu\/si2\/wp-content\/uploads\/sites\/14\/2018\/05\/Tjedan-EU-fondova-001-773x1030.jpg 773w, http:\/\/www.si-hr.eu\/si2\/wp-content\/uploads\/sites\/14\/2018\/05\/Tjedan-EU-fondova-001-225x300.jpg 225w, http:\/\/www.si-hr.eu\/si2\/wp-content\/uploads\/sites\/14\/2018\/05\/Tjedan-EU-fondova-001-768x1024.jpg 768w, http:\/\/www.si-hr.eu\/si2\/wp-content\/uploads\/sites\/14\/2018\/05\/Tjedan-EU-fondova-001-600x800.jpg 600w, http:\/\/www.si-hr.eu\/si2\/wp-content\/uploads\/sites\/14\/2018\/05\/Tjedan-EU-fondova-001-1125x1500.jpg 1125w, http:\/\/www.si-hr.eu\/si2\/wp-content\/uploads\/sites\/14\/2018\/05\/Tjedan-EU-fondova-001-529x705.jpg 529w, http:\/\/www.si-hr.eu\/si2\/wp-content\/uploads\/sites\/14\/2018\/05\/Tjedan-EU-fondova-001-450x600.jpg 450w\" data-sizes=\"(max-width: 773px) 100vw, 773px\" data-rel='gallery-1' data-prev-img='http:\/\/www.si-hr.eu\/si2\/wp-content\/uploads\/sites\/14\/2018\/05\/Tjedan-EU-fondova-001-495x400.jpg' class='lightbox ' data-onclick='2' title='dav'  itemprop=\"thumbnailUrl\"  ><img decoding=\"async\" class=\"wp-image-3118 avia-img-lazy-loading-not-3118\"   src=\"http:\/\/www.si-hr.eu\/si2\/wp-content\/uploads\/sites\/14\/2018\/05\/Tjedan-EU-fondova-001-495x400.jpg\" width=\"495\" height=\"400\"  title='dav' alt='' srcset=\"http:\/\/www.si-hr.eu\/si2\/wp-content\/uploads\/sites\/14\/2018\/05\/Tjedan-EU-fondova-001-495x400.jpg 495w, http:\/\/www.si-hr.eu\/si2\/wp-content\/uploads\/sites\/14\/2018\/05\/Tjedan-EU-fondova-001-845x684.jpg 845w\" sizes=\"(max-width: 495px) 100vw, 495px\" \/><\/a><\/div><\/div>\n","protected":false},"excerpt":{"rendered":"<p>V organizaciji Ministarstva regionalnog razvoja i fondova Europske unije se je od 24. do 27. aprila 2018, v Zagrebu, \u0160ibeniku in Mariji Bistrici odvijal &#8220;Teden sredstev EU &#8220;. &#8220;Teden sredstev EU &#8221; je izobra\u017eevalni in informativni dogodek, ki ga od leta 2013 izvaja&#8230;<\/p>\n","protected":false},"author":1,"featured_media":3118,"comment_status":"closed","ping_status":"open","sticky":false,"template":"","format":"standard","meta":{"ngg_post_thumbnail":0},"categories":[3,8],"tags":[],"acf":[],"_links":{"self":[{"href":"http:\/\/www.si-hr.eu\/si2\/wp-json\/wp\/v2\/posts\/3117"}],"collection":[{"href":"http:\/\/www.si-hr.eu\/si2\/wp-json\/wp\/v2\/posts"}],"about":[{"href":"http:\/\/www.si-hr.eu\/si2\/wp-json\/wp\/v2\/types\/post"}],"author":[{"embeddable":true,"href":"http:\/\/www.si-hr.eu\/si2\/wp-json\/wp\/v2\/users\/1"}],"replies":[{"embeddable":true,"href":"http:\/\/www.si-hr.eu\/si2\/wp-json\/wp\/v2\/comments?post=3117"}],"version-history":[{"count":2,"href":"http:\/\/www.si-hr.eu\/si2\/wp-json\/wp\/v2\/posts\/3117\/revisions"}],"predecessor-version":[{"id":3121,"href":"http:\/\/www.si-hr.eu\/si2\/wp-json\/wp\/v2\/posts\/3117\/revisions\/3121"}],"wp:featuredmedia":[{"embeddable":true,"href":"http:\/\/www.si-hr.eu\/si2\/wp-json\/wp\/v2\/media\/3118"}],"wp:attachment":[{"href":"http:\/\/www.si-hr.eu\/si2\/wp-json\/wp\/v2\/media?parent=3117"}],"wp:term":[{"taxonomy":"category","embeddable":true,"href":"http:\/\/www.si-hr.eu\/si2\/wp-json\/wp\/v2\/categories?post=3117"},{"taxonomy":"post_tag","embeddable":true,"href":"http:\/\/www.si-hr.eu\/si2\/wp-json\/wp\/v2\/tags?post=3117"}],"curies":[{"name":"wp","href":"https:\/\/api.w.org\/{rel}","templated":true}]}}