{"id":3267,"date":"2018-08-27T10:04:32","date_gmt":"2018-08-27T09:04:32","guid":{"rendered":"http:\/\/www.si-hr.eu\/si2\/?p=3267"},"modified":"2018-08-27T10:04:32","modified_gmt":"2018-08-27T09:04:32","slug":"novinarska-konferenca-ob-predstavitvi-projekta-kultura","status":"publish","type":"post","link":"http:\/\/www.si-hr.eu\/si2\/2018\/08\/27\/novinarska-konferenca-ob-predstavitvi-projekta-kultura\/","title":{"rendered":"Novinarska konferenca ob predstavitvi projekta \u00bbkulTura\u00ab"},"content":{"rendered":"<section  class='av_textblock_section av-av_textblock-2de302bf1aa3cf4c9157dbe6f50ac7eb'  itemscope=\"itemscope\" itemtype=\"https:\/\/schema.org\/BlogPosting\" itemprop=\"blogPost\" ><div class='avia_textblock'  itemprop=\"text\" ><h3><strong>Novinarska konferenca ob predstavitvi projekta \u00bbkulTura\u00ab<\/strong><\/h3>\n<h3><strong>\u00a0<\/strong><\/h3>\n<p><strong>\u00a0<\/strong><\/p>\n<p><strong>Sreda, 22. avgust &#8211; V medioteki Glasbene \u0161ole \u010crnomelj je potekala novinarska konferenca za predstavitev projekta <\/strong><strong>\u00bbkulTura\u00ab &#8211;<\/strong><strong>\u00a0 <\/strong><strong>Tudi dedi\u0161\u010dina Jaske in \u010crnomlja je lahko &#8216;cool&#8217;. Za vse.<\/strong>\u00ab, <strong>katerega vloga je bila odobrena v okviru Javnega razpisa za predlo\u017eitev projektov Programa sodelovanja Interreg Slovenija-Hrva\u0161ka v obdobju 2014-2020. Projektni partnerji so Grad Jastrebarsko (vodilni partner), Turisti\u010dka zajednica grada Jastrebarskog, Ob\u010dina \u010crnomelj, Razvojno informacijski center Bela krajina, Univerza v Ljubljani ter Libertas me\u0111unarodno sveu\u010dili\u0161te.<\/strong><\/p>\n<p>Projekt so predstavljale partnerske organizacije v projektu, in sicer gospa Petra Masnec iz Turisti\u010dke zajednice grada Jastrebarskog, gradona\u010delnik Grada Jastrebarsko gospod Zvonimir Novosel, gospod Dimitrij Pur v vlogi Organa upravljanja PS Slovenija \u2013 Hrva\u0161ka, \u017eupanja ob\u010dine \u010crnomelj gospa Mojca \u010cemas Stjepanovi\u010d, gospa Marija Pra\u0161in Kolbezen vodja projekta s strani ob\u010dine \u010crnomelj, gospod Peter \u010crni\u010d direktor Razvojnega centra Bela krajina in gospa Nina Hlebec projektna sodelavka iz Univerze v Ljubljani.<\/p>\n<p>Grad Jastrebarsko in Ob\u010dina \u010crnomelj sta \u017ee preko IPA projekta \u00bbPrebujena kulturna dedi\u0161\u010dina\u00ab za\u010dutila medsebojno povezanost in se izkazala z odli\u010dnim sodelovanjem. To sta \u017eelela ponoviti, zato se je preko spremljanja razpisov iskalo mo\u017enosti za nadaljnje urejanje in nadgradnjo klju\u010dnih to\u010dk v obeh mestih. V \u010crnomlju je to mestno jedro, v Jaski pa je obmo\u010dje gradu Erdody s spremljajo\u010dimi objekti in z obse\u017enimi parkovnimi povr\u0161inami.<\/p>\n<p>Vsak predstavnik partnerske organizacije je predstavil svojo vlogo v projektu. V okviru tega bodo v \u010crnomlju povr\u0161ine urejene v kombinaciji granitnih kock, granitnih plo\u0161\u010d in asfalta, postavljene bo tudi nekaj urbane opreme. Objekte kulturne dedi\u0161\u010dine ob trasi kulTura, ki danes niso dostopni za invalide, se bo opremilo s premi\u010dnimi klan\u010dinami, urejen bo tudi dostop za invalide in vozi\u010dke iz glavne ulice na trg pred cerkvijo.<\/p>\n<p>Projekt bo sofinanciran iz sredstev Evropskega sklada za regionalni razvoj.\u00a0Vrednost projekta je 1.316.243,02 EUR, dele\u017e v projektu Ob\u010dine \u010crnomelj pa zna\u0161a 472.050,50 EUR.<\/p>\n<\/div><\/section>\n\n<style type=\"text\/css\" data-created_by=\"avia_inline_auto\" id=\"style-css-av-av_gallery-ae847db548af5d09d3b814a46b2b5b1f\">\n#top .avia-gallery.av-av_gallery-ae847db548af5d09d3b814a46b2b5b1f .avia-gallery-thumb a{\nwidth:20%;\n}\n<\/style>\n<div  class='avia-gallery av-av_gallery-ae847db548af5d09d3b814a46b2b5b1f avia_animate_when_visible  avia-builder-el-1  el_after_av_textblock  avia-builder-el-last  avia_lazyload avia-gallery-animate avia-gallery-1'  itemprop=\"image\" itemscope=\"itemscope\" itemtype=\"https:\/\/schema.org\/ImageObject\" ><div class='avia-gallery-thumb'> <a href=\"http:\/\/www.si-hr.eu\/si2\/wp-content\/uploads\/sites\/14\/2018\/08\/DSC00109-Medium.jpeg\" data-srcset=\"http:\/\/www.si-hr.eu\/si2\/wp-content\/uploads\/sites\/14\/2018\/08\/DSC00109-Medium.jpeg 1024w, http:\/\/www.si-hr.eu\/si2\/wp-content\/uploads\/sites\/14\/2018\/08\/DSC00109-Medium-300x225.jpeg 300w, http:\/\/www.si-hr.eu\/si2\/wp-content\/uploads\/sites\/14\/2018\/08\/DSC00109-Medium-768x576.jpeg 768w, http:\/\/www.si-hr.eu\/si2\/wp-content\/uploads\/sites\/14\/2018\/08\/DSC00109-Medium-600x450.jpeg 600w, http:\/\/www.si-hr.eu\/si2\/wp-content\/uploads\/sites\/14\/2018\/08\/DSC00109-Medium-705x529.jpeg 705w, http:\/\/www.si-hr.eu\/si2\/wp-content\/uploads\/sites\/14\/2018\/08\/DSC00109-Medium-450x338.jpeg 450w\" data-sizes=\"(max-width: 1024px) 100vw, 1024px\" data-rel='gallery-1' data-prev-img='http:\/\/www.si-hr.eu\/si2\/wp-content\/uploads\/sites\/14\/2018\/08\/DSC00109-Medium-495x400.jpeg' class='first_thumb lightbox ' data-onclick='1' title='DSC00109 (Medium)'  itemprop=\"thumbnailUrl\"  ><img decoding=\"async\" class=\"wp-image-3270 avia-img-lazy-loading-not-3270\"   src=\"http:\/\/www.si-hr.eu\/si2\/wp-content\/uploads\/sites\/14\/2018\/08\/DSC00109-Medium-495x400.jpeg\" width=\"495\" height=\"400\"  title='DSC00109 (Medium)' alt='' srcset=\"http:\/\/www.si-hr.eu\/si2\/wp-content\/uploads\/sites\/14\/2018\/08\/DSC00109-Medium-495x400.jpeg 495w, http:\/\/www.si-hr.eu\/si2\/wp-content\/uploads\/sites\/14\/2018\/08\/DSC00109-Medium-845x684.jpeg 845w\" sizes=\"(max-width: 495px) 100vw, 495px\" \/><\/a> <a href=\"http:\/\/www.si-hr.eu\/si2\/wp-content\/uploads\/sites\/14\/2018\/08\/DSC00127-Medium.jpeg\" data-srcset=\"http:\/\/www.si-hr.eu\/si2\/wp-content\/uploads\/sites\/14\/2018\/08\/DSC00127-Medium.jpeg 1024w, http:\/\/www.si-hr.eu\/si2\/wp-content\/uploads\/sites\/14\/2018\/08\/DSC00127-Medium-300x225.jpeg 300w, http:\/\/www.si-hr.eu\/si2\/wp-content\/uploads\/sites\/14\/2018\/08\/DSC00127-Medium-768x576.jpeg 768w, http:\/\/www.si-hr.eu\/si2\/wp-content\/uploads\/sites\/14\/2018\/08\/DSC00127-Medium-600x450.jpeg 600w, http:\/\/www.si-hr.eu\/si2\/wp-content\/uploads\/sites\/14\/2018\/08\/DSC00127-Medium-705x529.jpeg 705w, http:\/\/www.si-hr.eu\/si2\/wp-content\/uploads\/sites\/14\/2018\/08\/DSC00127-Medium-450x338.jpeg 450w\" data-sizes=\"(max-width: 1024px) 100vw, 1024px\" data-rel='gallery-1' data-prev-img='http:\/\/www.si-hr.eu\/si2\/wp-content\/uploads\/sites\/14\/2018\/08\/DSC00127-Medium-495x400.jpeg' class='lightbox ' data-onclick='2' title='DSC00127 (Medium)'  itemprop=\"thumbnailUrl\"  ><img decoding=\"async\" class=\"wp-image-3273 avia-img-lazy-loading-not-3273\"   src=\"http:\/\/www.si-hr.eu\/si2\/wp-content\/uploads\/sites\/14\/2018\/08\/DSC00127-Medium-495x400.jpeg\" width=\"495\" height=\"400\"  title='DSC00127 (Medium)' alt='' srcset=\"http:\/\/www.si-hr.eu\/si2\/wp-content\/uploads\/sites\/14\/2018\/08\/DSC00127-Medium-495x400.jpeg 495w, http:\/\/www.si-hr.eu\/si2\/wp-content\/uploads\/sites\/14\/2018\/08\/DSC00127-Medium-845x684.jpeg 845w\" sizes=\"(max-width: 495px) 100vw, 495px\" \/><\/a> <a href=\"http:\/\/www.si-hr.eu\/si2\/wp-content\/uploads\/sites\/14\/2018\/08\/DSC00121-Medium.jpeg\" data-srcset=\"http:\/\/www.si-hr.eu\/si2\/wp-content\/uploads\/sites\/14\/2018\/08\/DSC00121-Medium.jpeg 1024w, http:\/\/www.si-hr.eu\/si2\/wp-content\/uploads\/sites\/14\/2018\/08\/DSC00121-Medium-300x225.jpeg 300w, http:\/\/www.si-hr.eu\/si2\/wp-content\/uploads\/sites\/14\/2018\/08\/DSC00121-Medium-768x576.jpeg 768w, http:\/\/www.si-hr.eu\/si2\/wp-content\/uploads\/sites\/14\/2018\/08\/DSC00121-Medium-600x450.jpeg 600w, http:\/\/www.si-hr.eu\/si2\/wp-content\/uploads\/sites\/14\/2018\/08\/DSC00121-Medium-705x529.jpeg 705w, http:\/\/www.si-hr.eu\/si2\/wp-content\/uploads\/sites\/14\/2018\/08\/DSC00121-Medium-450x338.jpeg 450w\" data-sizes=\"(max-width: 1024px) 100vw, 1024px\" data-rel='gallery-1' data-prev-img='http:\/\/www.si-hr.eu\/si2\/wp-content\/uploads\/sites\/14\/2018\/08\/DSC00121-Medium-495x400.jpeg' class='lightbox ' data-onclick='3' title='DSC00121 (Medium)'  itemprop=\"thumbnailUrl\"  ><img decoding=\"async\" class=\"wp-image-3272 avia-img-lazy-loading-not-3272\"   src=\"http:\/\/www.si-hr.eu\/si2\/wp-content\/uploads\/sites\/14\/2018\/08\/DSC00121-Medium-495x400.jpeg\" width=\"495\" height=\"400\"  title='DSC00121 (Medium)' alt='' srcset=\"http:\/\/www.si-hr.eu\/si2\/wp-content\/uploads\/sites\/14\/2018\/08\/DSC00121-Medium-495x400.jpeg 495w, http:\/\/www.si-hr.eu\/si2\/wp-content\/uploads\/sites\/14\/2018\/08\/DSC00121-Medium-845x684.jpeg 845w\" sizes=\"(max-width: 495px) 100vw, 495px\" \/><\/a> <a href=\"http:\/\/www.si-hr.eu\/si2\/wp-content\/uploads\/sites\/14\/2018\/08\/DSC00120-Medium.jpeg\" data-srcset=\"http:\/\/www.si-hr.eu\/si2\/wp-content\/uploads\/sites\/14\/2018\/08\/DSC00120-Medium.jpeg 1024w, http:\/\/www.si-hr.eu\/si2\/wp-content\/uploads\/sites\/14\/2018\/08\/DSC00120-Medium-300x225.jpeg 300w, http:\/\/www.si-hr.eu\/si2\/wp-content\/uploads\/sites\/14\/2018\/08\/DSC00120-Medium-768x576.jpeg 768w, http:\/\/www.si-hr.eu\/si2\/wp-content\/uploads\/sites\/14\/2018\/08\/DSC00120-Medium-600x450.jpeg 600w, http:\/\/www.si-hr.eu\/si2\/wp-content\/uploads\/sites\/14\/2018\/08\/DSC00120-Medium-705x529.jpeg 705w, http:\/\/www.si-hr.eu\/si2\/wp-content\/uploads\/sites\/14\/2018\/08\/DSC00120-Medium-450x338.jpeg 450w\" data-sizes=\"(max-width: 1024px) 100vw, 1024px\" data-rel='gallery-1' data-prev-img='http:\/\/www.si-hr.eu\/si2\/wp-content\/uploads\/sites\/14\/2018\/08\/DSC00120-Medium-495x400.jpeg' class='lightbox ' data-onclick='4' title='DSC00120 (Medium)'  itemprop=\"thumbnailUrl\"  ><img decoding=\"async\" class=\"wp-image-3271 avia-img-lazy-loading-not-3271\"   src=\"http:\/\/www.si-hr.eu\/si2\/wp-content\/uploads\/sites\/14\/2018\/08\/DSC00120-Medium-495x400.jpeg\" width=\"495\" height=\"400\"  title='DSC00120 (Medium)' alt='' srcset=\"http:\/\/www.si-hr.eu\/si2\/wp-content\/uploads\/sites\/14\/2018\/08\/DSC00120-Medium-495x400.jpeg 495w, http:\/\/www.si-hr.eu\/si2\/wp-content\/uploads\/sites\/14\/2018\/08\/DSC00120-Medium-845x684.jpeg 845w\" sizes=\"(max-width: 495px) 100vw, 495px\" \/><\/a> <a href=\"http:\/\/www.si-hr.eu\/si2\/wp-content\/uploads\/sites\/14\/2018\/08\/DSC00133-Medium.jpeg\" data-srcset=\"http:\/\/www.si-hr.eu\/si2\/wp-content\/uploads\/sites\/14\/2018\/08\/DSC00133-Medium.jpeg 1024w, http:\/\/www.si-hr.eu\/si2\/wp-content\/uploads\/sites\/14\/2018\/08\/DSC00133-Medium-300x225.jpeg 300w, http:\/\/www.si-hr.eu\/si2\/wp-content\/uploads\/sites\/14\/2018\/08\/DSC00133-Medium-768x576.jpeg 768w, http:\/\/www.si-hr.eu\/si2\/wp-content\/uploads\/sites\/14\/2018\/08\/DSC00133-Medium-600x450.jpeg 600w, http:\/\/www.si-hr.eu\/si2\/wp-content\/uploads\/sites\/14\/2018\/08\/DSC00133-Medium-705x529.jpeg 705w, http:\/\/www.si-hr.eu\/si2\/wp-content\/uploads\/sites\/14\/2018\/08\/DSC00133-Medium-450x338.jpeg 450w\" data-sizes=\"(max-width: 1024px) 100vw, 1024px\" data-rel='gallery-1' data-prev-img='http:\/\/www.si-hr.eu\/si2\/wp-content\/uploads\/sites\/14\/2018\/08\/DSC00133-Medium-495x400.jpeg' class='lightbox ' data-onclick='5' title='DSC00133 (Medium)'  itemprop=\"thumbnailUrl\"  ><img decoding=\"async\" class=\"wp-image-3275 avia-img-lazy-loading-not-3275\"   src=\"http:\/\/www.si-hr.eu\/si2\/wp-content\/uploads\/sites\/14\/2018\/08\/DSC00133-Medium-495x400.jpeg\" width=\"495\" height=\"400\"  title='DSC00133 (Medium)' alt='' srcset=\"http:\/\/www.si-hr.eu\/si2\/wp-content\/uploads\/sites\/14\/2018\/08\/DSC00133-Medium-495x400.jpeg 495w, http:\/\/www.si-hr.eu\/si2\/wp-content\/uploads\/sites\/14\/2018\/08\/DSC00133-Medium-845x684.jpeg 845w\" sizes=\"(max-width: 495px) 100vw, 495px\" \/><\/a> <a href=\"http:\/\/www.si-hr.eu\/si2\/wp-content\/uploads\/sites\/14\/2018\/08\/DSC00129-Medium.jpeg\" data-srcset=\"http:\/\/www.si-hr.eu\/si2\/wp-content\/uploads\/sites\/14\/2018\/08\/DSC00129-Medium.jpeg 1024w, http:\/\/www.si-hr.eu\/si2\/wp-content\/uploads\/sites\/14\/2018\/08\/DSC00129-Medium-300x225.jpeg 300w, http:\/\/www.si-hr.eu\/si2\/wp-content\/uploads\/sites\/14\/2018\/08\/DSC00129-Medium-768x576.jpeg 768w, http:\/\/www.si-hr.eu\/si2\/wp-content\/uploads\/sites\/14\/2018\/08\/DSC00129-Medium-600x450.jpeg 600w, http:\/\/www.si-hr.eu\/si2\/wp-content\/uploads\/sites\/14\/2018\/08\/DSC00129-Medium-705x529.jpeg 705w, http:\/\/www.si-hr.eu\/si2\/wp-content\/uploads\/sites\/14\/2018\/08\/DSC00129-Medium-450x338.jpeg 450w\" data-sizes=\"(max-width: 1024px) 100vw, 1024px\" data-rel='gallery-1' data-prev-img='http:\/\/www.si-hr.eu\/si2\/wp-content\/uploads\/sites\/14\/2018\/08\/DSC00129-Medium-495x400.jpeg' class='first_thumb lightbox ' data-onclick='6' title='DSC00129 (Medium)'  itemprop=\"thumbnailUrl\"  ><img decoding=\"async\" class=\"wp-image-3274 avia-img-lazy-loading-not-3274\"   src=\"http:\/\/www.si-hr.eu\/si2\/wp-content\/uploads\/sites\/14\/2018\/08\/DSC00129-Medium-495x400.jpeg\" width=\"495\" height=\"400\"  title='DSC00129 (Medium)' alt='' srcset=\"http:\/\/www.si-hr.eu\/si2\/wp-content\/uploads\/sites\/14\/2018\/08\/DSC00129-Medium-495x400.jpeg 495w, http:\/\/www.si-hr.eu\/si2\/wp-content\/uploads\/sites\/14\/2018\/08\/DSC00129-Medium-845x684.jpeg 845w\" sizes=\"(max-width: 495px) 100vw, 495px\" \/><\/a><\/div><\/div>\n","protected":false},"excerpt":{"rendered":"<p>V medioteki Glasbene \u0161ole \u010crnomelj je potekala novinarska konferenca za predstavitev projekta \u00bbkulTura\u00ab &#8211;  Tudi dedi\u0161\u010dina Jaske in \u010crnomlja je lahko &#8216;cool&#8217;. Za vse.\u00ab, katerega vloga je bila odobrena v okviru&#8230;<\/p>\n","protected":false},"author":1,"featured_media":3272,"comment_status":"closed","ping_status":"open","sticky":false,"template":"","format":"standard","meta":{"ngg_post_thumbnail":0},"categories":[4],"tags":[],"acf":[],"_links":{"self":[{"href":"http:\/\/www.si-hr.eu\/si2\/wp-json\/wp\/v2\/posts\/3267"}],"collection":[{"href":"http:\/\/www.si-hr.eu\/si2\/wp-json\/wp\/v2\/posts"}],"about":[{"href":"http:\/\/www.si-hr.eu\/si2\/wp-json\/wp\/v2\/types\/post"}],"author":[{"embeddable":true,"href":"http:\/\/www.si-hr.eu\/si2\/wp-json\/wp\/v2\/users\/1"}],"replies":[{"embeddable":true,"href":"http:\/\/www.si-hr.eu\/si2\/wp-json\/wp\/v2\/comments?post=3267"}],"version-history":[{"count":4,"href":"http:\/\/www.si-hr.eu\/si2\/wp-json\/wp\/v2\/posts\/3267\/revisions"}],"predecessor-version":[{"id":3277,"href":"http:\/\/www.si-hr.eu\/si2\/wp-json\/wp\/v2\/posts\/3267\/revisions\/3277"}],"wp:featuredmedia":[{"embeddable":true,"href":"http:\/\/www.si-hr.eu\/si2\/wp-json\/wp\/v2\/media\/3272"}],"wp:attachment":[{"href":"http:\/\/www.si-hr.eu\/si2\/wp-json\/wp\/v2\/media?parent=3267"}],"wp:term":[{"taxonomy":"category","embeddable":true,"href":"http:\/\/www.si-hr.eu\/si2\/wp-json\/wp\/v2\/categories?post=3267"},{"taxonomy":"post_tag","embeddable":true,"href":"http:\/\/www.si-hr.eu\/si2\/wp-json\/wp\/v2\/tags?post=3267"}],"curies":[{"name":"wp","href":"https:\/\/api.w.org\/{rel}","templated":true}]}}