{"id":4363,"date":"2019-02-05T08:17:29","date_gmt":"2019-02-05T07:17:29","guid":{"rendered":"http:\/\/www.si-hr.eu\/si2\/?p=4363"},"modified":"2019-02-05T08:17:29","modified_gmt":"2019-02-05T07:17:29","slug":"zacetna-konferenca-projekta-integriran-pristop-oskrbe-starejsih-ljudi-na-domu-crosscare","status":"publish","type":"post","link":"http:\/\/www.si-hr.eu\/si2\/2019\/02\/05\/zacetna-konferenca-projekta-integriran-pristop-oskrbe-starejsih-ljudi-na-domu-crosscare\/","title":{"rendered":"Za\u010detna konferenca projekta Integriran pristop oskrbe starej\u0161ih ljudi na domu (CrossCare)"},"content":{"rendered":"<section  class='av_textblock_section av-av_textblock-2de302bf1aa3cf4c9157dbe6f50ac7eb'  itemscope=\"itemscope\" itemtype=\"https:\/\/schema.org\/BlogPosting\" itemprop=\"blogPost\" ><div class='avia_textblock'  itemprop=\"text\" ><h3><strong>Za\u010detna konferenca projekta Integriran pristop oskrbe starej\u0161ih ljudi na domu (CrossCare) <\/strong><\/h3>\n<h3><strong>\u00a0<\/strong><\/h3>\n<h3><strong>\u00a0<\/strong><\/h3>\n<h1><\/h1>\n<h1><\/h1>\n<h1><\/h1>\n<h1><\/h1>\n<h1><\/h1>\n<p>23.01.2019 je v Mestni hi\u0161i v Ljubljani potekala za\u010detna konferenca projekta Integriran pristop oskrbe starej\u0161ih ljudi na domu (CrossCare), katerega nosilec je Zavod za oskrbo na domu Ljubljana, partnerji projekt pa so Mestna ob\u010dina Ljubljana, Center za pomo\u010d na domu Maribor, Ustanova za zdravstvenu njegu u ku\u0107i Zagreb, Dom zdravlja \u010cakovec ter Grad Zagreb. Projekt je financiran v okviru Programa sodelovanja INTERREG V-A Slovenija \u2013 Hrva\u0161ka \u00a0in poteka od 1.9.2018 do 31.8.2020.<\/p>\n<h5><\/h5>\n<p>V prvem delu izjemno obiskane konference so projektni partnerji predstavili projekt ter vsak svojo vlogo v projektu in dosedanje aktivnosti in uspehe, v drugem delu konference pa je potekala okrogla miza na temo zagotavljanja celostnega in integriranega pristopa oskrbe na domu ter zagotavljanja mo\u017enosti za kvalitetno in zdravo staranje. Okroglo mizo je moderirala dekanja Fakultete za socialno delo (Univerza v Ljubljani), red.profesorica dr. Vesna Lesko\u0161ek, gostje na okrogli mizi pa so bili:<\/p>\n<h5><\/h5>\n<ul>\n<li>Marija Tom\u0161i\u010d, Zdravstvena fakulteta Univerze v Ljubljani,<\/li>\n<li>sc. Aleksandar D\u017eakula, Medicinski fakultet sveu\u010dili\u0161ta u Zagrebu,<\/li>\n<li>Tanja \u0106ori\u0107, Nastavni zavod za javno zdravstvo dr. Andrija \u0161tampar,<\/li>\n<li>Jana Mali, Fakulteta za socialno delo Univerze v Ljubljani,<\/li>\n<li>sc. Sonja To\u0161i\u0107-Grla\u010d, Pro\u010delnica iz Me\u0111imurske \u017eupanije, UO za zdravstvo i socijalnu skrb.<\/li>\n<\/ul>\n<p><em>Projekt je sofinanciran s strani ESSR v okviru Programa sodelovanja INTERREG SL-HR.<\/em><\/p>\n<h1><\/h1>\n<\/div><\/section>\n\n<style type=\"text\/css\" data-created_by=\"avia_inline_auto\" id=\"style-css-av-av_gallery-49f09800617d30df4fa819da0719f8b0\">\n#top .avia-gallery.av-av_gallery-49f09800617d30df4fa819da0719f8b0 .avia-gallery-thumb a{\nwidth:20%;\n}\n<\/style>\n<div  class='avia-gallery av-av_gallery-49f09800617d30df4fa819da0719f8b0 avia_animate_when_visible  avia-builder-el-1  el_after_av_textblock  avia-builder-el-last  avia_lazyload avia-gallery-animate avia-gallery-1'  itemprop=\"image\" itemscope=\"itemscope\" itemtype=\"https:\/\/schema.org\/ImageObject\" ><div class='avia-gallery-thumb'> <a href=\"http:\/\/www.si-hr.eu\/si2\/wp-content\/uploads\/sites\/14\/2019\/02\/4.-1.jpg\" data-srcset=\"http:\/\/www.si-hr.eu\/si2\/wp-content\/uploads\/sites\/14\/2019\/02\/4.-1.jpg 1000w, http:\/\/www.si-hr.eu\/si2\/wp-content\/uploads\/sites\/14\/2019\/02\/4.-1-300x200.jpg 300w, http:\/\/www.si-hr.eu\/si2\/wp-content\/uploads\/sites\/14\/2019\/02\/4.-1-768x512.jpg 768w, http:\/\/www.si-hr.eu\/si2\/wp-content\/uploads\/sites\/14\/2019\/02\/4.-1-600x400.jpg 600w, http:\/\/www.si-hr.eu\/si2\/wp-content\/uploads\/sites\/14\/2019\/02\/4.-1-705x470.jpg 705w, http:\/\/www.si-hr.eu\/si2\/wp-content\/uploads\/sites\/14\/2019\/02\/4.-1-450x300.jpg 450w\" data-sizes=\"(max-width: 1000px) 100vw, 1000px\" data-rel='gallery-1' data-prev-img='http:\/\/www.si-hr.eu\/si2\/wp-content\/uploads\/sites\/14\/2019\/02\/4.-1-495x400.jpg' class='first_thumb lightbox ' data-onclick='1' title='Foto: Nik Rovan'  itemprop=\"thumbnailUrl\"  ><img decoding=\"async\" class=\"wp-image-4365 avia-img-lazy-loading-not-4365\"  data-avia-tooltip='Foto: Nik Rovan' src=\"http:\/\/www.si-hr.eu\/si2\/wp-content\/uploads\/sites\/14\/2019\/02\/4.-1-495x400.jpg\" width=\"495\" height=\"400\"  title='4.' alt='' \/><\/a> <a href=\"http:\/\/www.si-hr.eu\/si2\/wp-content\/uploads\/sites\/14\/2019\/02\/3..jpg\" data-srcset=\"http:\/\/www.si-hr.eu\/si2\/wp-content\/uploads\/sites\/14\/2019\/02\/3..jpg 1000w, http:\/\/www.si-hr.eu\/si2\/wp-content\/uploads\/sites\/14\/2019\/02\/3.-300x200.jpg 300w, http:\/\/www.si-hr.eu\/si2\/wp-content\/uploads\/sites\/14\/2019\/02\/3.-768x512.jpg 768w, http:\/\/www.si-hr.eu\/si2\/wp-content\/uploads\/sites\/14\/2019\/02\/3.-600x400.jpg 600w, http:\/\/www.si-hr.eu\/si2\/wp-content\/uploads\/sites\/14\/2019\/02\/3.-705x470.jpg 705w, http:\/\/www.si-hr.eu\/si2\/wp-content\/uploads\/sites\/14\/2019\/02\/3.-450x300.jpg 450w\" data-sizes=\"(max-width: 1000px) 100vw, 1000px\" data-rel='gallery-1' data-prev-img='http:\/\/www.si-hr.eu\/si2\/wp-content\/uploads\/sites\/14\/2019\/02\/3.-495x400.jpg' class='lightbox ' data-onclick='2' title='Foto: Nik Rovan'  itemprop=\"thumbnailUrl\"  ><img decoding=\"async\" class=\"wp-image-4366 avia-img-lazy-loading-not-4366\"  data-avia-tooltip='Foto: Nik Rovan' src=\"http:\/\/www.si-hr.eu\/si2\/wp-content\/uploads\/sites\/14\/2019\/02\/3.-495x400.jpg\" width=\"495\" height=\"400\"  title='3.' alt='' \/><\/a> <a href=\"http:\/\/www.si-hr.eu\/si2\/wp-content\/uploads\/sites\/14\/2019\/02\/2.-1030x773.png\" data-srcset=\"http:\/\/www.si-hr.eu\/si2\/wp-content\/uploads\/sites\/14\/2019\/02\/2.-1030x773.png 1030w, http:\/\/www.si-hr.eu\/si2\/wp-content\/uploads\/sites\/14\/2019\/02\/2.-300x225.png 300w, http:\/\/www.si-hr.eu\/si2\/wp-content\/uploads\/sites\/14\/2019\/02\/2.-768x576.png 768w, http:\/\/www.si-hr.eu\/si2\/wp-content\/uploads\/sites\/14\/2019\/02\/2.-600x450.png 600w, http:\/\/www.si-hr.eu\/si2\/wp-content\/uploads\/sites\/14\/2019\/02\/2.-1500x1125.png 1500w, http:\/\/www.si-hr.eu\/si2\/wp-content\/uploads\/sites\/14\/2019\/02\/2.-705x529.png 705w, http:\/\/www.si-hr.eu\/si2\/wp-content\/uploads\/sites\/14\/2019\/02\/2.-450x338.png 450w, http:\/\/www.si-hr.eu\/si2\/wp-content\/uploads\/sites\/14\/2019\/02\/2..png 2016w\" data-sizes=\"(max-width: 1030px) 100vw, 1030px\" data-rel='gallery-1' data-prev-img='http:\/\/www.si-hr.eu\/si2\/wp-content\/uploads\/sites\/14\/2019\/02\/2.-495x400.png' class='lightbox ' data-onclick='3' title='2.'  itemprop=\"thumbnailUrl\"  ><img decoding=\"async\" class=\"wp-image-4367 avia-img-lazy-loading-not-4367\"   src=\"http:\/\/www.si-hr.eu\/si2\/wp-content\/uploads\/sites\/14\/2019\/02\/2.-495x400.png\" width=\"495\" height=\"400\"  title='2.' alt='' srcset=\"http:\/\/www.si-hr.eu\/si2\/wp-content\/uploads\/sites\/14\/2019\/02\/2.-495x400.png 495w, http:\/\/www.si-hr.eu\/si2\/wp-content\/uploads\/sites\/14\/2019\/02\/2.-845x684.png 845w\" sizes=\"(max-width: 495px) 100vw, 495px\" \/><\/a> <a href=\"http:\/\/www.si-hr.eu\/si2\/wp-content\/uploads\/sites\/14\/2019\/02\/1.-1030x773.png\" data-srcset=\"http:\/\/www.si-hr.eu\/si2\/wp-content\/uploads\/sites\/14\/2019\/02\/1.-1030x773.png 1030w, http:\/\/www.si-hr.eu\/si2\/wp-content\/uploads\/sites\/14\/2019\/02\/1.-300x225.png 300w, http:\/\/www.si-hr.eu\/si2\/wp-content\/uploads\/sites\/14\/2019\/02\/1.-768x576.png 768w, http:\/\/www.si-hr.eu\/si2\/wp-content\/uploads\/sites\/14\/2019\/02\/1.-600x450.png 600w, http:\/\/www.si-hr.eu\/si2\/wp-content\/uploads\/sites\/14\/2019\/02\/1.-1500x1125.png 1500w, http:\/\/www.si-hr.eu\/si2\/wp-content\/uploads\/sites\/14\/2019\/02\/1.-705x529.png 705w, http:\/\/www.si-hr.eu\/si2\/wp-content\/uploads\/sites\/14\/2019\/02\/1.-450x338.png 450w, http:\/\/www.si-hr.eu\/si2\/wp-content\/uploads\/sites\/14\/2019\/02\/1..png 2016w\" data-sizes=\"(max-width: 1030px) 100vw, 1030px\" data-rel='gallery-1' data-prev-img='http:\/\/www.si-hr.eu\/si2\/wp-content\/uploads\/sites\/14\/2019\/02\/1.-495x400.png' class='lightbox ' data-onclick='4' title='1.'  itemprop=\"thumbnailUrl\"  ><img decoding=\"async\" class=\"wp-image-4368 avia-img-lazy-loading-not-4368\"   src=\"http:\/\/www.si-hr.eu\/si2\/wp-content\/uploads\/sites\/14\/2019\/02\/1.-495x400.png\" width=\"495\" height=\"400\"  title='1.' alt='' srcset=\"http:\/\/www.si-hr.eu\/si2\/wp-content\/uploads\/sites\/14\/2019\/02\/1.-495x400.png 495w, http:\/\/www.si-hr.eu\/si2\/wp-content\/uploads\/sites\/14\/2019\/02\/1.-845x684.png 845w\" sizes=\"(max-width: 495px) 100vw, 495px\" \/><\/a><\/div><\/div>\n","protected":false},"excerpt":{"rendered":"<p>23.01.2019 je v Mestni hi\u0161i v Ljubljani potekala za\u010detna konferenca projekta Integriran pristop oskrbe starej\u0161ih ljudi na domu (CrossCare), katerega nosilec je Zavod za oskrbo na domu Ljubljana, partnerji projekt pa so&#8230;<\/p>\n","protected":false},"author":1,"featured_media":4364,"comment_status":"closed","ping_status":"open","sticky":false,"template":"","format":"standard","meta":{"ngg_post_thumbnail":0},"categories":[4],"tags":[],"acf":[],"_links":{"self":[{"href":"http:\/\/www.si-hr.eu\/si2\/wp-json\/wp\/v2\/posts\/4363"}],"collection":[{"href":"http:\/\/www.si-hr.eu\/si2\/wp-json\/wp\/v2\/posts"}],"about":[{"href":"http:\/\/www.si-hr.eu\/si2\/wp-json\/wp\/v2\/types\/post"}],"author":[{"embeddable":true,"href":"http:\/\/www.si-hr.eu\/si2\/wp-json\/wp\/v2\/users\/1"}],"replies":[{"embeddable":true,"href":"http:\/\/www.si-hr.eu\/si2\/wp-json\/wp\/v2\/comments?post=4363"}],"version-history":[{"count":2,"href":"http:\/\/www.si-hr.eu\/si2\/wp-json\/wp\/v2\/posts\/4363\/revisions"}],"predecessor-version":[{"id":4370,"href":"http:\/\/www.si-hr.eu\/si2\/wp-json\/wp\/v2\/posts\/4363\/revisions\/4370"}],"wp:featuredmedia":[{"embeddable":true,"href":"http:\/\/www.si-hr.eu\/si2\/wp-json\/wp\/v2\/media\/4364"}],"wp:attachment":[{"href":"http:\/\/www.si-hr.eu\/si2\/wp-json\/wp\/v2\/media?parent=4363"}],"wp:term":[{"taxonomy":"category","embeddable":true,"href":"http:\/\/www.si-hr.eu\/si2\/wp-json\/wp\/v2\/categories?post=4363"},{"taxonomy":"post_tag","embeddable":true,"href":"http:\/\/www.si-hr.eu\/si2\/wp-json\/wp\/v2\/tags?post=4363"}],"curies":[{"name":"wp","href":"https:\/\/api.w.org\/{rel}","templated":true}]}}