{"id":456,"date":"2015-11-25T14:55:08","date_gmt":"2015-11-25T13:55:08","guid":{"rendered":"http:\/\/84.39.218.255\/si2\/?p=456"},"modified":"2015-12-14T08:56:34","modified_gmt":"2015-12-14T07:56:34","slug":"vabilo-na-uvodno-prireditev-programa-sodelovanja-interreg-v-a-slovenija-hrvaska","status":"publish","type":"post","link":"http:\/\/www.si-hr.eu\/si2\/2015\/11\/25\/vabilo-na-uvodno-prireditev-programa-sodelovanja-interreg-v-a-slovenija-hrvaska\/","title":{"rendered":"Vabilo na uvodno prireditev Programa sodelovanja Interreg V-A Slovenija-Hrva\u0161ka"},"content":{"rendered":"<section  class='av_textblock_section av-av_textblock-0366cc7376be6c9e82a3e9cc8987b64f'  itemscope=\"itemscope\" itemtype=\"https:\/\/schema.org\/BlogPosting\" itemprop=\"blogPost\" ><div class='avia_textblock'  itemprop=\"text\" ><p style=\"text-align: justify;\"><strong>Slu\u017eba Vlade RS za razvoj in evropsko kohezijsko politiko<\/strong>, organ upravljanja, vabi\u00a0v sredo, <strong>9. decembra 2015<\/strong>, <strong>ob 10.00 v Narodni dom Celje,<\/strong><br \/>\nTrg celjskih knezov 9, Celje, Slovenija na uvodno prireditev, namenjeno predstavitvi\u00a0Programa sodelovanja Interreg V-A Slovenija-Hrva\u0161ka.<\/p>\n<p style=\"text-align: justify;\">PRIJAVA: \u0160tevilo udele\u017eencev je omejeno! Prosimo, da svojo udele\u017ebo potrdite najkasneje do 4. decembra 2015 na elektronski naslov\u00a0<span id=\"eeEncEmail_N3PxK5D0dn\"><a href=\"mailto:si-hr.svrk@gov.si\">si-hr.svrk@gov.si<\/a><\/span>.<br \/>\n<a href=\"http:\/\/84.39.218.255\/si2\/wp-content\/uploads\/sites\/14\/2015\/11\/Vabilo-pozivnica-SI-HR_2.pdf\" target=\"_blank\" rel=\"noopener\">Vabilo .pdf<\/a><\/p>\n<\/div><\/section>\n","protected":false},"excerpt":{"rendered":"<p>Slu\u017eba Vlade RS za razvoj in evropsko kohezijsko politiko, organ upravljanja, vabi v sredo, 9. decembra 2015, ob 10.00 v Narodni dom Celje, Trg celjskih knezov 9, Celje, Slovenija na uvodno prireditev, namenjeno predstavitvi Programa sodelovanja Interreg V-A Slovenija-Hrva\u0161ka.<\/p>\n","protected":false},"author":1,"featured_media":0,"comment_status":"closed","ping_status":"closed","sticky":false,"template":"","format":"standard","meta":{"ngg_post_thumbnail":0},"categories":[3,8],"tags":[],"acf":[],"_links":{"self":[{"href":"http:\/\/www.si-hr.eu\/si2\/wp-json\/wp\/v2\/posts\/456"}],"collection":[{"href":"http:\/\/www.si-hr.eu\/si2\/wp-json\/wp\/v2\/posts"}],"about":[{"href":"http:\/\/www.si-hr.eu\/si2\/wp-json\/wp\/v2\/types\/post"}],"author":[{"embeddable":true,"href":"http:\/\/www.si-hr.eu\/si2\/wp-json\/wp\/v2\/users\/1"}],"replies":[{"embeddable":true,"href":"http:\/\/www.si-hr.eu\/si2\/wp-json\/wp\/v2\/comments?post=456"}],"version-history":[{"count":6,"href":"http:\/\/www.si-hr.eu\/si2\/wp-json\/wp\/v2\/posts\/456\/revisions"}],"predecessor-version":[{"id":727,"href":"http:\/\/www.si-hr.eu\/si2\/wp-json\/wp\/v2\/posts\/456\/revisions\/727"}],"wp:attachment":[{"href":"http:\/\/www.si-hr.eu\/si2\/wp-json\/wp\/v2\/media?parent=456"}],"wp:term":[{"taxonomy":"category","embeddable":true,"href":"http:\/\/www.si-hr.eu\/si2\/wp-json\/wp\/v2\/categories?post=456"},{"taxonomy":"post_tag","embeddable":true,"href":"http:\/\/www.si-hr.eu\/si2\/wp-json\/wp\/v2\/tags?post=456"}],"curies":[{"name":"wp","href":"https:\/\/api.w.org\/{rel}","templated":true}]}}