{"id":5517,"date":"2020-01-24T08:32:55","date_gmt":"2020-01-24T07:32:55","guid":{"rendered":"http:\/\/www.si-hr.eu\/si2\/?p=5517"},"modified":"2020-01-24T08:34:33","modified_gmt":"2020-01-24T07:34:33","slug":"cezmejna-predstavitev-projekta-in-cultura-veritas-na-mednarodnem-turisticnem-sejmu-na-dunaju","status":"publish","type":"post","link":"http:\/\/www.si-hr.eu\/si2\/2020\/01\/24\/cezmejna-predstavitev-projekta-in-cultura-veritas-na-mednarodnem-turisticnem-sejmu-na-dunaju\/","title":{"rendered":"\u010cezmejna predstavitev projekta In cultura veritas na mednarodnem turisti\u010dnem sejmu na Dunaju"},"content":{"rendered":"<section  class='av_textblock_section av-av_textblock-2de302bf1aa3cf4c9157dbe6f50ac7eb'  itemscope=\"itemscope\" itemtype=\"https:\/\/schema.org\/BlogPosting\" itemprop=\"blogPost\" ><div class='avia_textblock'  itemprop=\"text\" ><h3><strong>\u010cezmejna predstavitev projekta In cultura veritas na mednarodnem turisti\u010dnem sejmu na Dunaju<\/strong><\/h3>\n<h1><\/h1>\n<h1><\/h1>\n<h1><\/h1>\n<div dir=\"ltr\">\n<h5><span style=\"color: #ffffff;\">.<\/span><\/h5>\n<p><strong>Projektni partnerji so predstavili vinsko-turisti\u010dno ponudbo \u010dezmejnega projektnega obmo\u010dja na mednarodnem turisti\u010dnem sejmu Ferien Messe Wien 2020 na Dunaju, ki vsako leto bele\u017ei izjemen obisk. Na sejmu je letos sodelovalo okoli 800 razstavljavcev iz ve\u010d kot 80 dr\u017eav. Ponudbi vinskih cest in kulturne dedi\u0161\u010dine projektnega podro\u010dja sta po\u017eeli velik interes med obiskovalci, na sestankih pa smo z nekaj zainteresiranimi agencijami \u017ee vzpostavili kontakt o mo\u017enosti promocije destinacije. <\/strong><\/p>\n<h5><\/h5>\n<p>Avstrija je eden najpomembnej\u0161ih trgov tako slovenskega kot hrva\u0161kega turizma. Med pogovori z obiskovalci smo predstavniki zaznali, da \u010dezmejno projektno obmo\u010dje in ponudbo avstrijci \u017ee kar dobro poznajo, vendar pogosto bolj kot destinacijo za aktivni oddih in wellness na slovenski strani ter mestni turizem na hrva\u0161ki strani projektnega obmo\u010dja.<\/p>\n<h5><\/h5>\n<p>Sejem Ferien Messe Dunaj, ki je letos potekal od 16. do 19. januarja, vsako leto bele\u017ei veliko zanimanje obiskovalcev, ki na\u010drtujejo po\u010ditnice in potovanja. Obiskovalci projektne stojnice so z zanimanjem zbirali podatke o destinaciji, predvsem pa smo jim \u017eeleli predstaviti nov vzpostavljen spletni katalog <a href=\"http:\/\/www.inculturaveritas.eu\">www.inculturaveritas.eu<\/a>, kjer je na enem mestu celovito zbrana vsa ponudba projektnega obmo\u010dja.<\/p>\n<h5><\/h5>\n<p>Sejem so partnerji izkoristili tudi za partnerska sre\u010danja, tako so v lo\u010denih dneh izvedli partnerske sestanke in na\u010drtovali izvajanje aktivnosti, ki jih \u010dakajo do zaklju\u010dka projekta.<\/p>\n<\/div>\n<\/div><\/section>\n<section  class='av_textblock_section av-av_textblock-2de302bf1aa3cf4c9157dbe6f50ac7eb'  itemscope=\"itemscope\" itemtype=\"https:\/\/schema.org\/BlogPosting\" itemprop=\"blogPost\" ><div class='avia_textblock'  itemprop=\"text\" ><h1><span style=\"color: #ffffff;\">.<\/span><\/h1>\n<\/div><\/section>\n\n<style type=\"text\/css\" data-created_by=\"avia_inline_auto\" id=\"style-css-av-av_gallery-81b66df04775b8824761444bf322cc27\">\n#top .avia-gallery.av-av_gallery-81b66df04775b8824761444bf322cc27 .avia-gallery-thumb a{\nwidth:20%;\n}\n<\/style>\n<div  class='avia-gallery av-av_gallery-81b66df04775b8824761444bf322cc27 avia_animate_when_visible  avia-builder-el-2  el_after_av_textblock  avia-builder-el-last  avia_lazyload avia-gallery-animate avia-gallery-1'  itemprop=\"image\" itemscope=\"itemscope\" itemtype=\"https:\/\/schema.org\/ImageObject\" ><div class='avia-gallery-thumb'> <a href=\"http:\/\/www.si-hr.eu\/si2\/wp-content\/uploads\/sites\/14\/2020\/01\/20200116_112502-e1579851027952-773x1030.jpg\" data-srcset=\"http:\/\/www.si-hr.eu\/si2\/wp-content\/uploads\/sites\/14\/2020\/01\/20200116_112502-e1579851027952-773x1030.jpg 773w, http:\/\/www.si-hr.eu\/si2\/wp-content\/uploads\/sites\/14\/2020\/01\/20200116_112502-e1579851027952-225x300.jpg 225w, http:\/\/www.si-hr.eu\/si2\/wp-content\/uploads\/sites\/14\/2020\/01\/20200116_112502-e1579851027952-768x1024.jpg 768w, http:\/\/www.si-hr.eu\/si2\/wp-content\/uploads\/sites\/14\/2020\/01\/20200116_112502-e1579851027952-600x800.jpg 600w, http:\/\/www.si-hr.eu\/si2\/wp-content\/uploads\/sites\/14\/2020\/01\/20200116_112502-e1579851027952-1125x1500.jpg 1125w, http:\/\/www.si-hr.eu\/si2\/wp-content\/uploads\/sites\/14\/2020\/01\/20200116_112502-e1579851027952-529x705.jpg 529w, http:\/\/www.si-hr.eu\/si2\/wp-content\/uploads\/sites\/14\/2020\/01\/20200116_112502-e1579851027952-450x600.jpg 450w\" data-sizes=\"(max-width: 773px) 100vw, 773px\" data-rel='gallery-1' data-prev-img='http:\/\/www.si-hr.eu\/si2\/wp-content\/uploads\/sites\/14\/2020\/01\/20200116_112502-e1579851027952-495x400.jpg' class='first_thumb lightbox ' data-onclick='1' title='20200116_112502'  itemprop=\"thumbnailUrl\"  ><img decoding=\"async\" class=\"wp-image-5518 avia-img-lazy-loading-not-5518\"   src=\"http:\/\/www.si-hr.eu\/si2\/wp-content\/uploads\/sites\/14\/2020\/01\/20200116_112502-e1579851027952-495x400.jpg\" width=\"495\" height=\"400\"  title='20200116_112502' alt='' srcset=\"http:\/\/www.si-hr.eu\/si2\/wp-content\/uploads\/sites\/14\/2020\/01\/20200116_112502-e1579851027952-495x400.jpg 495w, http:\/\/www.si-hr.eu\/si2\/wp-content\/uploads\/sites\/14\/2020\/01\/20200116_112502-e1579851027952-845x684.jpg 845w\" sizes=\"(max-width: 495px) 100vw, 495px\" \/><\/a> <a href=\"http:\/\/www.si-hr.eu\/si2\/wp-content\/uploads\/sites\/14\/2020\/01\/20200118_101751-1030x773.jpg\" data-srcset=\"http:\/\/www.si-hr.eu\/si2\/wp-content\/uploads\/sites\/14\/2020\/01\/20200118_101751-1030x773.jpg 1030w, http:\/\/www.si-hr.eu\/si2\/wp-content\/uploads\/sites\/14\/2020\/01\/20200118_101751-300x225.jpg 300w, http:\/\/www.si-hr.eu\/si2\/wp-content\/uploads\/sites\/14\/2020\/01\/20200118_101751-768x576.jpg 768w, http:\/\/www.si-hr.eu\/si2\/wp-content\/uploads\/sites\/14\/2020\/01\/20200118_101751-600x450.jpg 600w, http:\/\/www.si-hr.eu\/si2\/wp-content\/uploads\/sites\/14\/2020\/01\/20200118_101751-1500x1125.jpg 1500w, http:\/\/www.si-hr.eu\/si2\/wp-content\/uploads\/sites\/14\/2020\/01\/20200118_101751-705x529.jpg 705w, http:\/\/www.si-hr.eu\/si2\/wp-content\/uploads\/sites\/14\/2020\/01\/20200118_101751-450x338.jpg 450w\" data-sizes=\"(max-width: 1030px) 100vw, 1030px\" data-rel='gallery-1' data-prev-img='http:\/\/www.si-hr.eu\/si2\/wp-content\/uploads\/sites\/14\/2020\/01\/20200118_101751-495x400.jpg' class='lightbox ' data-onclick='2' title='20200118_101751'  itemprop=\"thumbnailUrl\"  ><img decoding=\"async\" class=\"wp-image-5519 avia-img-lazy-loading-not-5519\"   src=\"http:\/\/www.si-hr.eu\/si2\/wp-content\/uploads\/sites\/14\/2020\/01\/20200118_101751-495x400.jpg\" width=\"495\" height=\"400\"  title='20200118_101751' alt='' srcset=\"http:\/\/www.si-hr.eu\/si2\/wp-content\/uploads\/sites\/14\/2020\/01\/20200118_101751-495x400.jpg 495w, http:\/\/www.si-hr.eu\/si2\/wp-content\/uploads\/sites\/14\/2020\/01\/20200118_101751-845x684.jpg 845w\" sizes=\"(max-width: 495px) 100vw, 495px\" \/><\/a> <a href=\"http:\/\/www.si-hr.eu\/si2\/wp-content\/uploads\/sites\/14\/2020\/01\/20200118_101814-1030x773.jpg\" data-srcset=\"http:\/\/www.si-hr.eu\/si2\/wp-content\/uploads\/sites\/14\/2020\/01\/20200118_101814-1030x773.jpg 1030w, http:\/\/www.si-hr.eu\/si2\/wp-content\/uploads\/sites\/14\/2020\/01\/20200118_101814-300x225.jpg 300w, http:\/\/www.si-hr.eu\/si2\/wp-content\/uploads\/sites\/14\/2020\/01\/20200118_101814-768x576.jpg 768w, http:\/\/www.si-hr.eu\/si2\/wp-content\/uploads\/sites\/14\/2020\/01\/20200118_101814-600x450.jpg 600w, http:\/\/www.si-hr.eu\/si2\/wp-content\/uploads\/sites\/14\/2020\/01\/20200118_101814-1500x1125.jpg 1500w, http:\/\/www.si-hr.eu\/si2\/wp-content\/uploads\/sites\/14\/2020\/01\/20200118_101814-705x529.jpg 705w, http:\/\/www.si-hr.eu\/si2\/wp-content\/uploads\/sites\/14\/2020\/01\/20200118_101814-450x338.jpg 450w\" data-sizes=\"(max-width: 1030px) 100vw, 1030px\" data-rel='gallery-1' data-prev-img='http:\/\/www.si-hr.eu\/si2\/wp-content\/uploads\/sites\/14\/2020\/01\/20200118_101814-495x400.jpg' class='lightbox ' data-onclick='3' title='20200118_101814'  itemprop=\"thumbnailUrl\"  ><img decoding=\"async\" class=\"wp-image-5520 avia-img-lazy-loading-not-5520\"   src=\"http:\/\/www.si-hr.eu\/si2\/wp-content\/uploads\/sites\/14\/2020\/01\/20200118_101814-495x400.jpg\" width=\"495\" height=\"400\"  title='20200118_101814' alt='' srcset=\"http:\/\/www.si-hr.eu\/si2\/wp-content\/uploads\/sites\/14\/2020\/01\/20200118_101814-495x400.jpg 495w, http:\/\/www.si-hr.eu\/si2\/wp-content\/uploads\/sites\/14\/2020\/01\/20200118_101814-845x684.jpg 845w\" sizes=\"(max-width: 495px) 100vw, 495px\" \/><\/a> <a href=\"http:\/\/www.si-hr.eu\/si2\/wp-content\/uploads\/sites\/14\/2020\/01\/83571836_2482176542000004_3023968705110343680_o-768x1030.jpg\" data-srcset=\"http:\/\/www.si-hr.eu\/si2\/wp-content\/uploads\/sites\/14\/2020\/01\/83571836_2482176542000004_3023968705110343680_o-768x1030.jpg 768w, http:\/\/www.si-hr.eu\/si2\/wp-content\/uploads\/sites\/14\/2020\/01\/83571836_2482176542000004_3023968705110343680_o-224x300.jpg 224w, http:\/\/www.si-hr.eu\/si2\/wp-content\/uploads\/sites\/14\/2020\/01\/83571836_2482176542000004_3023968705110343680_o-600x804.jpg 600w, http:\/\/www.si-hr.eu\/si2\/wp-content\/uploads\/sites\/14\/2020\/01\/83571836_2482176542000004_3023968705110343680_o-1119x1500.jpg 1119w, http:\/\/www.si-hr.eu\/si2\/wp-content\/uploads\/sites\/14\/2020\/01\/83571836_2482176542000004_3023968705110343680_o-526x705.jpg 526w, http:\/\/www.si-hr.eu\/si2\/wp-content\/uploads\/sites\/14\/2020\/01\/83571836_2482176542000004_3023968705110343680_o-450x603.jpg 450w, http:\/\/www.si-hr.eu\/si2\/wp-content\/uploads\/sites\/14\/2020\/01\/83571836_2482176542000004_3023968705110343680_o.jpg 1504w\" data-sizes=\"(max-width: 768px) 100vw, 768px\" data-rel='gallery-1' data-prev-img='http:\/\/www.si-hr.eu\/si2\/wp-content\/uploads\/sites\/14\/2020\/01\/83571836_2482176542000004_3023968705110343680_o-495x400.jpg' class='lightbox ' data-onclick='4' title='83571836_2482176542000004_3023968705110343680_o'  itemprop=\"thumbnailUrl\"  ><img decoding=\"async\" class=\"wp-image-5521 avia-img-lazy-loading-not-5521\"   src=\"http:\/\/www.si-hr.eu\/si2\/wp-content\/uploads\/sites\/14\/2020\/01\/83571836_2482176542000004_3023968705110343680_o-495x400.jpg\" width=\"495\" height=\"400\"  title='83571836_2482176542000004_3023968705110343680_o' alt='' srcset=\"http:\/\/www.si-hr.eu\/si2\/wp-content\/uploads\/sites\/14\/2020\/01\/83571836_2482176542000004_3023968705110343680_o-495x400.jpg 495w, http:\/\/www.si-hr.eu\/si2\/wp-content\/uploads\/sites\/14\/2020\/01\/83571836_2482176542000004_3023968705110343680_o-845x684.jpg 845w\" sizes=\"(max-width: 495px) 100vw, 495px\" \/><\/a><\/div><\/div>\n","protected":false},"excerpt":{"rendered":"<p>Projektni partnerji so predstavili vinsko-turisti\u010dno ponudbo \u010dezmejnega projektnega obmo\u010dja na mednarodnem turisti\u010dnem sejmu Ferien Messe Wien 2020 na Dunaju, ki vsako leto bele\u017ei izjemen obisk. Na sejmu je letos sodelovalo okoli 800 razstavljavcev iz ve\u010d kot 80 dr\u017eav&#8230;<\/p>\n","protected":false},"author":1,"featured_media":5518,"comment_status":"closed","ping_status":"open","sticky":false,"template":"","format":"standard","meta":{"ngg_post_thumbnail":0},"categories":[4],"tags":[],"acf":[],"_links":{"self":[{"href":"http:\/\/www.si-hr.eu\/si2\/wp-json\/wp\/v2\/posts\/5517"}],"collection":[{"href":"http:\/\/www.si-hr.eu\/si2\/wp-json\/wp\/v2\/posts"}],"about":[{"href":"http:\/\/www.si-hr.eu\/si2\/wp-json\/wp\/v2\/types\/post"}],"author":[{"embeddable":true,"href":"http:\/\/www.si-hr.eu\/si2\/wp-json\/wp\/v2\/users\/1"}],"replies":[{"embeddable":true,"href":"http:\/\/www.si-hr.eu\/si2\/wp-json\/wp\/v2\/comments?post=5517"}],"version-history":[{"count":5,"href":"http:\/\/www.si-hr.eu\/si2\/wp-json\/wp\/v2\/posts\/5517\/revisions"}],"predecessor-version":[{"id":5527,"href":"http:\/\/www.si-hr.eu\/si2\/wp-json\/wp\/v2\/posts\/5517\/revisions\/5527"}],"wp:featuredmedia":[{"embeddable":true,"href":"http:\/\/www.si-hr.eu\/si2\/wp-json\/wp\/v2\/media\/5518"}],"wp:attachment":[{"href":"http:\/\/www.si-hr.eu\/si2\/wp-json\/wp\/v2\/media?parent=5517"}],"wp:term":[{"taxonomy":"category","embeddable":true,"href":"http:\/\/www.si-hr.eu\/si2\/wp-json\/wp\/v2\/categories?post=5517"},{"taxonomy":"post_tag","embeddable":true,"href":"http:\/\/www.si-hr.eu\/si2\/wp-json\/wp\/v2\/tags?post=5517"}],"curies":[{"name":"wp","href":"https:\/\/api.w.org\/{rel}","templated":true}]}}