{"id":6029,"date":"2021-02-22T15:46:40","date_gmt":"2021-02-22T14:46:40","guid":{"rendered":"http:\/\/www.si-hr.eu\/si2\/?p=6029"},"modified":"2021-02-22T15:55:15","modified_gmt":"2021-02-22T14:55:15","slug":"ocarajte-evropo-z-vaso-projektno-zgodbo-prijava-na-podcast-to-je-evropa","status":"publish","type":"post","link":"http:\/\/www.si-hr.eu\/si2\/2021\/02\/22\/ocarajte-evropo-z-vaso-projektno-zgodbo-prijava-na-podcast-to-je-evropa\/","title":{"rendered":"O\u010darajte Evropo z va\u0161o projektno zgodbo &#8211; Prijava na \u00bbPodcast \u2013 to je Evropa\u00ab"},"content":{"rendered":"<section  class='av_textblock_section av-av_textblock-2de302bf1aa3cf4c9157dbe6f50ac7eb'  itemscope=\"itemscope\" itemtype=\"https:\/\/schema.org\/BlogPosting\" itemprop=\"blogPost\" ><div class='avia_textblock'  itemprop=\"text\" ><h1><\/h1>\n<h3><\/h3>\n<h3 style=\"text-align: center;\">O\u010darajte Evropo z va\u0161o projektno zgodbo<\/h3>\n<h3 style=\"text-align: center;\">Prijava na \u00bbPodcast \u2013 to je Evropa\u00ab<\/h3>\n<h3 class=\"post-title entry-title\"><strong>\u00a0<\/strong><\/h3>\n<h3 style=\"text-align: center;\"><\/h3>\n<h4><span style=\"color: #ffffff;\">\u00a0<\/span><\/h4>\n<p><em>Podcasting<\/em> je preprost, a mo\u010dan medij, s katerim lahko na druga\u010den na\u010din dose\u017eete svoje ob\u010dinstvo. Gre za digitalno vsebino, za prenos zvo\u010dnih ali video datotek z medmre\u017eja. Leta 2020 je Interreg pri\u010del s prvo serijo podcast-ov. Prve 4 epizode (<a href=\"https:\/\/interreg.eu\/podcast\/\"><strong>tukaj so na voljo podcast episode<\/strong><\/a>) so bile prenesene ve\u010d kot 5000-krat in so nara\u0161\u010dale. Leta 2021 \u017eelijo iti \u0161e dlje\u2026 s kraj\u0161imi epizodami, ki jih bodo promovirali v medmedijski kampanji.<\/p>\n<h5><\/h5>\n<p><strong>Teme za zgodbe v podcast-u so:<\/strong><br \/>\n1. K trajnostnim \u017eivilskim sistemom<br \/>\n2. Ponovno o\u017eivitev boja proti neenakosti<br \/>\n3. Kultura v krizi?<br \/>\n4. Digitalna spodbuda za kro\u017eno gospodarstvo<br \/>\n5. Zelena mobilnost<\/p>\n<h5><\/h5>\n<p><strong>Kako pripravimo zgodbo?<\/strong> Kot bi bili novinarji. Tako bodo va\u0161e zgodbe dostopne in privla\u010dne za vse, ki imajo ali nimajo predhodnega znanja o Interreg-u ali celo zadevah povezanih z EU. Bistvo zgodb je pokazati vpliv sodelovanja na dr\u017eavljane in na projektna obmo\u010dja.<\/p>\n<h5><\/h5>\n<p><strong>Do kdaj in na kak\u0161en na\u010din lahko zgodbo prijavimo?<\/strong><\/p>\n<p>Program Interact bo izbral zgodbe z najvi\u0161jo novinarsko privla\u010dnostjo. V zgodbo vklju\u010dite eno ali dve karizmati\u010dni osebi, ki bi lahko bili projektni predstavniki in sicer najbolje, da so to kon\u010dni uporabniki, za katere tudi ni nujno, da so vklju\u010deni v izvajanje projekta, vendar so uporabili pridobljene rezultate. Za sodelovanje nam <strong>do 9. marca 2021<\/strong> po\u0161ljite kratko zgodbo v angle\u0161kem jeziku (najve\u010d 1\/3 A4 strani, cca 250 besed), ime glavnega lika in temo zgodbe na na\u0161 elektronski naslov na <a href=\"mailto:si-hr.svrk@gov.si\">si-hr.svrk@gov.si<\/a>.<\/p>\n<h5><\/h5>\n<\/div><\/section>\n","protected":false},"excerpt":{"rendered":"<p>Za serijo podcastov Interreg &#8220;This is Europe&#8221; potrebujemo va\u0161e zgodbe. Bistvo zgodb je pokazati vpliv sodelovanja na dr\u017eavljane in na programska obmo\u010dja&#8230;<\/p>\n","protected":false},"author":1,"featured_media":6033,"comment_status":"closed","ping_status":"open","sticky":false,"template":"","format":"standard","meta":{"ngg_post_thumbnail":0},"categories":[3,8],"tags":[],"acf":[],"_links":{"self":[{"href":"http:\/\/www.si-hr.eu\/si2\/wp-json\/wp\/v2\/posts\/6029"}],"collection":[{"href":"http:\/\/www.si-hr.eu\/si2\/wp-json\/wp\/v2\/posts"}],"about":[{"href":"http:\/\/www.si-hr.eu\/si2\/wp-json\/wp\/v2\/types\/post"}],"author":[{"embeddable":true,"href":"http:\/\/www.si-hr.eu\/si2\/wp-json\/wp\/v2\/users\/1"}],"replies":[{"embeddable":true,"href":"http:\/\/www.si-hr.eu\/si2\/wp-json\/wp\/v2\/comments?post=6029"}],"version-history":[{"count":3,"href":"http:\/\/www.si-hr.eu\/si2\/wp-json\/wp\/v2\/posts\/6029\/revisions"}],"predecessor-version":[{"id":6032,"href":"http:\/\/www.si-hr.eu\/si2\/wp-json\/wp\/v2\/posts\/6029\/revisions\/6032"}],"wp:featuredmedia":[{"embeddable":true,"href":"http:\/\/www.si-hr.eu\/si2\/wp-json\/wp\/v2\/media\/6033"}],"wp:attachment":[{"href":"http:\/\/www.si-hr.eu\/si2\/wp-json\/wp\/v2\/media?parent=6029"}],"wp:term":[{"taxonomy":"category","embeddable":true,"href":"http:\/\/www.si-hr.eu\/si2\/wp-json\/wp\/v2\/categories?post=6029"},{"taxonomy":"post_tag","embeddable":true,"href":"http:\/\/www.si-hr.eu\/si2\/wp-json\/wp\/v2\/tags?post=6029"}],"curies":[{"name":"wp","href":"https:\/\/api.w.org\/{rel}","templated":true}]}}